{"id":1080,"date":"2006-06-13T09:30:31","date_gmt":"2006-06-13T07:30:31","guid":{"rendered":"http:\/\/www.doscaballos.org\/?p=1080"},"modified":"2006-06-13T09:30:31","modified_gmt":"2006-06-13T07:30:31","slug":"vi-concentracion-internacional-2cv-de-zamora-25-06-06","status":"publish","type":"post","link":"https:\/\/www.doscaballos.org\/index.php\/2006\/06\/13\/vi-concentracion-internacional-2cv-de-zamora-25-06-06\/","title":{"rendered":"VI Concentraci\u00f3n Internacional 2CV de Zamora. 25\/06\/06."},"content":{"rendered":"<p>Adem\u00e1s de los 2CV reales se realizar\u00e1 una exposici\u00f3n vinculada a la concentraci\u00f3n, de coches de colecci\u00f3n de 2cv, en todas sus versiones a escala 1:43.<\/p>\n<p>  <!--more-->  <\/p>\n<p>PROGRAMA PROVISIONAL Y RECORRIDO:<\/p>\n<p><strong>10-12 horas<\/strong>&#8211; Inscripci\u00f3n y exposici\u00f3n en la Plaza de los 3 \u00c1rboles (bajo el puente nuevo)<\/p>\n<p><strong>12:00 hora<\/strong>s.- Salida de la caravana desde esta misma plaza para completar el siguiente recorrido:<\/p>\n<p>Plaza de los 3 \u00e1rboles para continuar por pe\u00f1a de Francia, Candelaria Ruiz del \u00e1rbol, Cardenal Cisneros, Avenida Requejo, Amargura, Pr\u00edncipe de Asturias, Avenida Portugal, San Pablo, Mart\u00ednez Villegas, San Andr\u00e9s, Renova, Sagasta, San Torcuato, Plaza de Alemania, Ronda San Torcuato, Ronda la Feria , Avenida la Feria , Vega, Trascastillo, Avenida de Vigo, para estacionar en la plaza de Santa Lucia donde los coches estar\u00e1n expuestos hasta la hora de la comida.<\/p>\n<p><strong>12:30 horas<\/strong>.- Vino de honor en el bar. \u201cOviedos\u201d<\/p>\n<p><strong>13:00 horas<\/strong>.- Visita guiada al casco antiguo de la ciudad<\/p>\n<p><strong>15:00 horas<\/strong>.- Comida<\/p>\n<p>Nota:<\/p>\n<p>Durante todos los d\u00edas que duren las fiestas, habr\u00e1 una exposici\u00f3n vinculada a la concentraci\u00f3n, de coches de colecci\u00f3n de 2cv, en todas sus versiones a escala 1:43, aproximadamente 65 miniaturas, en el concesionario de Citro\u00ebn en Zamora, Duero Motor, situado en Avenida de Galicia s\/n<\/p>\n<p>M\u00e1s informaci\u00f3n:<\/p>\n<p>Club 2CV de Zamora<br \/> Web: <a href=\"http:\/\/garaje.ya.com\/2cvclubzamora\/\">http:\/\/garaje.ya.com\/2cvclubzamora\/<\/a><br \/> E-mail: <a href=\"mailto:fuentesvazque31@hotmail.com\">fuentesvazque31@hotmail.com<\/a><\/p>\n<p>Cartel anunciador:<\/p>\n<p><a href=\"https:\/\/www.doscaballos.org\/wp-content\/uploads\/2006\/06\/garaje.ya.com_2cvclubzamora_imagenes_marcatellocartel.jpg\"><img loading=\"lazy\" decoding=\"async\" class=\" size-full wp-image-1079\" src=\"https:\/\/www.doscaballos.org\/wp-content\/uploads\/2006\/06\/garaje.ya.com_2cvclubzamora_imagenes_marcatellocartel.jpg\" alt=\"\" width=\"271\" height=\"387\" border=\"0\" width=\"0\" height=\"0\" \/><\/a><\/p>\n<p>\u00a0<\/p>\n<p>\u00a0<\/p>\n","protected":false},"excerpt":{"rendered":"<p>Adem\u00e1s de los 2CV reales se realizar\u00e1 una exposici\u00f3n vinculada a la concentraci\u00f3n, de coches de colecci\u00f3n de 2cv, en todas sus versiones a escala 1:43.<\/p>\n","protected":false},"author":1,"featured_media":1079,"comment_status":"open","ping_status":"open","sticky":false,"template":"","format":"standard","meta":{"footnotes":""},"categories":[5],"tags":[],"class_list":["post-1080","post","type-post","status-publish","format-standard","has-post-thumbnail","hentry","category-concentraciones-2cv"],"_links":{"self":[{"href":"https:\/\/www.doscaballos.org\/index.php\/wp-json\/wp\/v2\/posts\/1080","targetHints":{"allow":["GET"]}}],"collection":[{"href":"https:\/\/www.doscaballos.org\/index.php\/wp-json\/wp\/v2\/posts"}],"about":[{"href":"https:\/\/www.doscaballos.org\/index.php\/wp-json\/wp\/v2\/types\/post"}],"author":[{"embeddable":true,"href":"https:\/\/www.doscaballos.org\/index.php\/wp-json\/wp\/v2\/users\/1"}],"replies":[{"embeddable":true,"href":"https:\/\/www.doscaballos.org\/index.php\/wp-json\/wp\/v2\/comments?post=1080"}],"version-history":[{"count":0,"href":"https:\/\/www.doscaballos.org\/index.php\/wp-json\/wp\/v2\/posts\/1080\/revisions"}],"wp:featuredmedia":[{"embeddable":true,"href":"https:\/\/www.doscaballos.org\/index.php\/wp-json\/wp\/v2\/media\/1079"}],"wp:attachment":[{"href":"https:\/\/www.doscaballos.org\/index.php\/wp-json\/wp\/v2\/media?parent=1080"}],"wp:term":[{"taxonomy":"category","embeddable":true,"href":"https:\/\/www.doscaballos.org\/index.php\/wp-json\/wp\/v2\/categories?post=1080"},{"taxonomy":"post_tag","embeddable":true,"href":"https:\/\/www.doscaballos.org\/index.php\/wp-json\/wp\/v2\/tags?post=1080"}],"curies":[{"name":"wp","href":"https:\/\/api.w.org\/{rel}","templated":true}]}}