{"id":112,"date":"2003-01-11T15:36:32","date_gmt":"2003-01-11T13:36:32","guid":{"rendered":"http:\/\/www.doscaballos.org\/?p=112"},"modified":"2003-01-11T15:36:32","modified_gmt":"2003-01-11T13:36:32","slug":"iv-feria-de-muestras-ejes-paralelos-rute-cordoba-24-25-26-enero-2003","status":"publish","type":"post","link":"https:\/\/www.doscaballos.org\/index.php\/2003\/01\/11\/iv-feria-de-muestras-ejes-paralelos-rute-cordoba-24-25-26-enero-2003\/","title":{"rendered":"IV Feria de Muestras \u00bbEjes Paralelos&#8217; Rute (C\u00f3rdoba)&#8217; 24-25-26 enero 2003"},"content":{"rendered":"<p>Se celebrar\u00e1 en Rute (C\u00f3rdoba) una gran concentraci\u00f3n de veh\u00edculos Espa\u00f1oles hasta 1980, coches y motos antiguas y cl\u00e1sicas de Andaluc\u00eda y compra-venta de piezas de repuesto&#8230;.<\/p>\n<p>  <!--more-->  <\/p>\n<p><img decoding=\"async\" src=\"http:\/\/217.127.158.230\/feriandalucia\/ejes\/imagenes\/coches%2002%20o.k%20Barcelona%20p.jpg\" alt=\"\" align=\"left\" border=\"0\" \/> Un a\u00f1o m\u00e1s -y ya es la cuarta, se organiza la Edici\u00f3n de Ejes Paralelos que se celebrar\u00e1 los dias 24, 25 y 26 de enero 2003.<br \/> Destaca la presencia de un gran n\u00famero de coches antiguos y cl\u00e1sicos, y quiz\u00e1s sea el evento que mayor \u00e9xito tiene en cuanto visitantes y calidad de la muestra de expositores de Andalucia. <\/p>\n<p> <img decoding=\"async\" src=\"http:\/\/217.127.158.230\/feriandalucia\/ejes\/imagenes\/Dsc00010p.jpg\" alt=\"\" align=\"right\" \/>La feria estar\u00e1 ubicada en dos plantas de 1000 m2 cada una, se llenar\u00e1n, nuevamente, de valiosos coches, motos y repuestos procedentes de toda Espa\u00f1a.<\/p>\n<p> Respecto a las presentaciones de motos destacan rarezas impresionantes de la \u00e9poca as\u00ed como numerosos moteros de moto cl\u00e1sica que llegan de toda Espa\u00f1a. <\/p>\n<p> Organiza:<\/p>\n<p> PARQUE TEMATICO DEL ANIS<br \/> Paraje Vi\u00f1a de Porras s\/n<br \/> 14960-Rute (C\u00f3rdoba)<br \/> Tel\u00e9fono de contacto: 957 533 583 \/ 608 75 70 76<br \/> e-mail: pta.anis@feriandalucia.com<br \/> Web: <a href=\"http:\/\/217.127.158.230\/feriandalucia\/ejes\/\"><span style=\"color: #0000ff; font-family: Verdana; font-size: xx-small;\">P\u00e1gina Web Oficial de EJES PARALELOS\u00ae <\/span><\/a><\/p>\n<p> <img decoding=\"async\" src=\"http:\/\/217.127.158.230\/feriandalucia\/ejes\/imagenes\/feria-andaluciap.jpg\" alt=\"\" align=\"left\" border=\"0\" \/><\/p>\n","protected":false},"excerpt":{"rendered":"<p>Se celebrar\u00e1 en Rute (C\u00f3rdoba) una gran concentraci\u00f3n de veh\u00edculos Espa\u00f1oles hasta 1980, coches y motos antiguas y cl\u00e1sicas de Andaluc\u00eda y compra-venta de piezas de repuesto&#8230;.<\/p>\n","protected":false},"author":1,"featured_media":0,"comment_status":"open","ping_status":"open","sticky":false,"template":"","format":"standard","meta":{"footnotes":""},"categories":[5],"tags":[],"class_list":["post-112","post","type-post","status-publish","format-standard","hentry","category-concentraciones-2cv"],"_links":{"self":[{"href":"https:\/\/www.doscaballos.org\/index.php\/wp-json\/wp\/v2\/posts\/112","targetHints":{"allow":["GET"]}}],"collection":[{"href":"https:\/\/www.doscaballos.org\/index.php\/wp-json\/wp\/v2\/posts"}],"about":[{"href":"https:\/\/www.doscaballos.org\/index.php\/wp-json\/wp\/v2\/types\/post"}],"author":[{"embeddable":true,"href":"https:\/\/www.doscaballos.org\/index.php\/wp-json\/wp\/v2\/users\/1"}],"replies":[{"embeddable":true,"href":"https:\/\/www.doscaballos.org\/index.php\/wp-json\/wp\/v2\/comments?post=112"}],"version-history":[{"count":0,"href":"https:\/\/www.doscaballos.org\/index.php\/wp-json\/wp\/v2\/posts\/112\/revisions"}],"wp:attachment":[{"href":"https:\/\/www.doscaballos.org\/index.php\/wp-json\/wp\/v2\/media?parent=112"}],"wp:term":[{"taxonomy":"category","embeddable":true,"href":"https:\/\/www.doscaballos.org\/index.php\/wp-json\/wp\/v2\/categories?post=112"},{"taxonomy":"post_tag","embeddable":true,"href":"https:\/\/www.doscaballos.org\/index.php\/wp-json\/wp\/v2\/tags?post=112"}],"curies":[{"name":"wp","href":"https:\/\/api.w.org\/{rel}","templated":true}]}}