{"id":1124,"date":"2006-09-12T10:47:28","date_gmt":"2006-09-12T08:47:28","guid":{"rendered":"http:\/\/www.doscaballos.org\/?p=1124"},"modified":"2006-09-12T10:47:28","modified_gmt":"2006-09-12T08:47:28","slug":"7-encontro-2cv-lisboa-29-de-septiembre-a-1-de-octubre","status":"publish","type":"post","link":"https:\/\/www.doscaballos.org\/index.php\/2006\/09\/12\/7-encontro-2cv-lisboa-29-de-septiembre-a-1-de-octubre\/","title":{"rendered":"7\u00ba Encontro 2CV Lisboa. 29 de septiembre a 1 de octubre."},"content":{"rendered":"<p>Ya est\u00e1 disponible el programa de uno de los encuentros mas interesantes de Portugal.<\/p>\n<p>  <!--more-->  <\/p>\n<p><img loading=\"lazy\" decoding=\"async\" class=\" size-full wp-image-1123\" src=\"https:\/\/www.doscaballos.org\/wp-content\/uploads\/2006\/09\/www.n2cvl.com_galeria_2006_VII_EncLx_VII_EncLx.jpg\" alt=\"\" width=\"400\" height=\"613\" srcset=\"https:\/\/www.doscaballos.org\/wp-content\/uploads\/2006\/09\/www.n2cvl.com_galeria_2006_VII_EncLx_VII_EncLx.jpg 400w, https:\/\/www.doscaballos.org\/wp-content\/uploads\/2006\/09\/www.n2cvl.com_galeria_2006_VII_EncLx_VII_EncLx-195x300.jpg 195w, https:\/\/www.doscaballos.org\/wp-content\/uploads\/2006\/09\/www.n2cvl.com_galeria_2006_VII_EncLx_VII_EncLx-150x229.jpg 150w, https:\/\/www.doscaballos.org\/wp-content\/uploads\/2006\/09\/www.n2cvl.com_galeria_2006_VII_EncLx_VII_EncLx-326x500.jpg 326w\" sizes=\"auto, (max-width: 400px) 100vw, 400px\" \/><\/p>\n<p><b><span style=\"color: #0000ff;\">DATOS DE INTER\u00c9S Y PROGRAMA: <\/span><\/b><\/p>\n<p> Sexta-feira 29.09.2006<br \/> Junta de Freguesia de Carnide<\/p>\n<p> 20:00 &#8211; Abertura do secretariado, inscri\u00e7\u00f5es e tert\u00falia<br \/> 24:00 &#8211; Encerramento do secretariado e ceia <\/p>\n<p> S\u00e1bado 30.09.2006<br \/> Junta de Freguesia de Carnide<\/p>\n<p> 08:00 &#8211; 9:45 Abertura do secretariado e inscri\u00e7\u00f5es (tempo para caf\u00e9)<br \/> 10:00 &#8211; Partida para a prova de regularidade &#8211; 1\u00aa etapa \u00abOs Miradouros de Lisboa\u00bb <br \/> 13:15 &#8211; Neutraliza\u00e7\u00e3o para almo\u00e7o no restaurante \u00abO Amaral\u00bb <br \/> 14:45 &#8211; Prova de regularidade &#8211; 2\u00aa etapa \u00abO Pal\u00e1cio e a envolvente de Lisboa\u00bb<br \/> 19:30 &#8211; Exposi\u00e7\u00e3o das viaturas na Gare do Oriente<br \/> 20:00 &#8211; Jantar no Hotel Tryp Oriente<\/p>\n<p> Domingo 01.10.2006<br \/> Torre Vasco da Gama<\/p>\n<p> 09:30 &#8211; Gincana (tempo para caf\u00e9, no restaurante \u00abIlha Doce\u00bb)<br \/> 10:30 &#8211; Partida para o tradicional desfile 2CV pelas principais avenidas da cidade, com escolta policial<br \/> 13:00 &#8211; Almo\u00e7o de despedida, entrega de prendas e pr\u00e9mios<\/p>\n<p> As inscri\u00e7\u00f5es poder\u00e3o ser feitas no t\u00f3pico respectivo no f\u00f3rum, em Encontros e Actividades ou para o email: nucleo.2cvlisboa@n2cvl.com <\/p>\n<p> Valor da inscri\u00e7\u00e3o (inclui a ceia, o almo\u00e7o e jantar de s\u00e1bado, o almo\u00e7o de domingo e a participa\u00e7\u00e3o nos sorteios dos pr\u00e9mios e actividades a realizar durante o encontro): <br \/> Carro+condutor = 40 euros + 1 euro<br \/> Acompanhante com mais de 12 anos = 40 euros + 1 euro<br \/> Acompanhante de 6 aos 12 anos = 20 euros<br \/> Acompanhante at\u00e9 aos 5 anos = gr\u00e1tis <\/p>\n<p> Caso necessitem contactos para alojamento em Lisboa, poder\u00e3o contactar Rui Fonseca para o tlm 962 905 191 ou ruiravinas@gmail.com <\/p>\n<p> web: <a href=\"http:\/\/www.n2cvl.com\" target=\"_blank\">http:\/\/www.n2cvl.com <\/a><\/p>\n","protected":false},"excerpt":{"rendered":"<p>Ya est\u00e1 disponible el programa de uno de los encuentros mas interesantes de Portugal.<\/p>\n","protected":false},"author":1,"featured_media":1123,"comment_status":"open","ping_status":"open","sticky":false,"template":"","format":"standard","meta":{"footnotes":""},"categories":[5],"tags":[],"class_list":["post-1124","post","type-post","status-publish","format-standard","has-post-thumbnail","hentry","category-concentraciones-2cv"],"_links":{"self":[{"href":"https:\/\/www.doscaballos.org\/index.php\/wp-json\/wp\/v2\/posts\/1124","targetHints":{"allow":["GET"]}}],"collection":[{"href":"https:\/\/www.doscaballos.org\/index.php\/wp-json\/wp\/v2\/posts"}],"about":[{"href":"https:\/\/www.doscaballos.org\/index.php\/wp-json\/wp\/v2\/types\/post"}],"author":[{"embeddable":true,"href":"https:\/\/www.doscaballos.org\/index.php\/wp-json\/wp\/v2\/users\/1"}],"replies":[{"embeddable":true,"href":"https:\/\/www.doscaballos.org\/index.php\/wp-json\/wp\/v2\/comments?post=1124"}],"version-history":[{"count":0,"href":"https:\/\/www.doscaballos.org\/index.php\/wp-json\/wp\/v2\/posts\/1124\/revisions"}],"wp:featuredmedia":[{"embeddable":true,"href":"https:\/\/www.doscaballos.org\/index.php\/wp-json\/wp\/v2\/media\/1123"}],"wp:attachment":[{"href":"https:\/\/www.doscaballos.org\/index.php\/wp-json\/wp\/v2\/media?parent=1124"}],"wp:term":[{"taxonomy":"category","embeddable":true,"href":"https:\/\/www.doscaballos.org\/index.php\/wp-json\/wp\/v2\/categories?post=1124"},{"taxonomy":"post_tag","embeddable":true,"href":"https:\/\/www.doscaballos.org\/index.php\/wp-json\/wp\/v2\/tags?post=1124"}],"curies":[{"name":"wp","href":"https:\/\/api.w.org\/{rel}","templated":true}]}}