{"id":1145,"date":"2006-10-19T23:17:39","date_gmt":"2006-10-19T21:17:39","guid":{"rendered":"http:\/\/www.doscaballos.org\/?p=1145"},"modified":"2006-10-19T23:17:39","modified_gmt":"2006-10-19T21:17:39","slug":"ii-encuentro-de-vehiculos-clasicos-e-historicos-citroen-12-11-06","status":"publish","type":"post","link":"https:\/\/www.doscaballos.org\/index.php\/2006\/10\/19\/ii-encuentro-de-vehiculos-clasicos-e-historicos-citroen-12-11-06\/","title":{"rendered":"II Encuentro de veh\u00edculos cl\u00e1sicos e hist\u00f3ricos Citro\u00ebn. 12\/11\/06"},"content":{"rendered":"<p>Celebramos el pr\u00f3ximo 12 de noviembre este II encuentro de veh\u00edculos citro\u00ebn en todo el centro hist\u00f3rico de Salamanca.<\/p>\n<p>  <!--more-->  <\/p>\n<p align=\"center\"><b><span style=\"color: #0000ff;\">II EXPOSICI\u00d3N DE VEH\u00cdCULOS CL\u00c1SICOS E HIST\u00d3RICOS CITRO\u00cbN<br \/> <img loading=\"lazy\" decoding=\"async\" class=\" size-full wp-image-1144\" src=\"https:\/\/www.doscaballos.org\/wp-content\/uploads\/2006\/10\/www.2cvsalamanca.com_salidas_expoSalamanca.jpg\" alt=\"Cartel Exposici\u00f3n Citro\u00ebn en Salamanca\" width=\"281\" height=\"397\" srcset=\"https:\/\/www.doscaballos.org\/wp-content\/uploads\/2006\/10\/www.2cvsalamanca.com_salidas_expoSalamanca.jpg 281w, https:\/\/www.doscaballos.org\/wp-content\/uploads\/2006\/10\/www.2cvsalamanca.com_salidas_expoSalamanca-212x300.jpg 212w, https:\/\/www.doscaballos.org\/wp-content\/uploads\/2006\/10\/www.2cvsalamanca.com_salidas_expoSalamanca-150x211.jpg 150w\" sizes=\"auto, (max-width: 281px) 100vw, 281px\" \/><br \/> <\/span><\/b><i><b>Salamanca, 12 de noviembre de 2006<\/b><\/i><\/p>\n<p align=\"justify\">Estimados amigos citro\u00ebneros:<\/p>\n<p><a href=\"http:\/\/www.2cvsalamanca.com\" target=\"_blank\">El Club 2CV y derivados de Salamanca<\/a> te invita a que participes en la <b>segunda exposici\u00f3n de veh\u00edculos cl\u00e1sicos e hist\u00f3ricos Citro\u00ebn<\/b> ( DS, HY, C-8, AMI, C-11, ROSALIE, 2CV, DYANE, GS,&#8230;) que celebraremos el pr\u00f3ximo domingo <b>12 de noviembre en la Plaza de Anaya (junto a las Catedrales)<\/b><\/p>\n<p>En esta segunda exposici\u00f3n nos volveremos a reunir todos los propietarios de la marca Citro\u00ebn y en la que esperamos superar los 30 veh\u00edculos que nos juntamos el a\u00f1o pasado, procedentes de Badajoz, C\u00e1ceres, Madrid, Zamora, Avila Valladolid y Salamanca.<\/p>\n<p>A buen seguro que pasaremos un rato agrardable de todos los que que mantenemos y restauramos estas joyas.p&gt;<\/p>\n<p><b><span style=\"color: #ff0000;\">\u00a1\u00a1No nos faltes a esta exposici\u00f3n!!<\/span><\/b>, que se note que en Salamanca tambi\u00e9n existen veh\u00edculos Citro\u00ebn y desde luego lo vamos a hacer notar en el recorrido por las calles de Salamanca.<\/p>\n<p>\u00a1Te esperamos!<\/p>\n<p align=\"center\"><b><span style=\"color: #0000ff;\">PROGRAMA<\/span><\/b><\/p>\n<p align=\"center\"><b>DOMINGO 12 de noviembre de 2006<\/b><\/p>\n<p>10:30 horas. Llegada de Veh\u00edculos y Exposici\u00f3n en la Plaza de Anaya (junto a la Catedral)<\/p>\n<p>12:00 a 13:15 horas. Visita guiada a la ciudad. (Opcional)<\/p>\n<p>13:30 horas. Fin de la exposici\u00f3n de veh\u00edculos.<\/p>\n<p>13:30 a 14:00 horas. Recorrido citro\u00ebnista por las calles de la ciudad.<\/p>\n<p>14:15 horas. Comida en Restaurante (opcional) (plazas limitadas)<\/p>\n<p>16:45 horas. Fin de este encuentro.<\/p>\n<p>\u00a0<\/p>\n<p align=\"center\"><b><span style=\"color: #0000ff;\">INSCRIPCI\u00d3N<\/span><\/b><\/p>\n<p>No existen <b>ning\u00fan tipo de coste por participar<\/b>, es decir es gratis.<\/p>\n<p>Para conocer el n\u00famero de veh\u00edculos asistentes <b>se ruega que lo confirmen antes del 9 de noviembre<\/b>, con el fin de organizar adecuadamente el aparcamiento y el recorrido por la ciudad.<\/p>\n<p>Si est\u00e1 interesado en la <b>visita guiada,<\/b> el coste por persona para pagar al gu\u00eda es de 3 euros. Es obligatorio comunicarlo en la inscripci\u00f3n para hacer la reserva.<\/p>\n<p>Si est\u00e1 interesado en la<b> comida en restaurante<\/b>, el men\u00fa tiene un coste de 8 euros persona (caf\u00e9 incluido), a elegir entre varios primeros, segundos y postres.<br \/> Es obligatorio comunicarlo en la inscripci\u00f3n para hacer la reserva.<\/p>\n<p>Se ruega confirmaci\u00f3n para conocer el n\u00famero de asistentes y veh\u00edculos, a trav\u00e9s de correo electr\u00f3nico (club@2cvsalamanca.com), tel\u00e9fono: 679751065 \u00f3 Fax: 923301930<br \/> <b> (Por favor comunique su asistencia con antelaci\u00f3n)<\/b><\/p>\n<hr \/>\n<p align=\"center\"><b><span style=\"color: #0000ff;\">INSCRIPCIONES <\/span><\/b><\/p>\n<p>NOMBRE:<\/p>\n<p>DIRECCI\u00d3N:<\/p>\n<p>C.P.<\/p>\n<p>LOCALIDAD:<\/p>\n<p>E-MAIL: TFNO:<\/p>\n<p>VEH\u00cdCULO CITRO\u00cbN: MATRICULA:<\/p>\n<p>FECHA 1\u00ba MATRICULACION:<\/p>\n<table border=\"1\" width=\"59%\" align=\"center\">\n<tbody>\n<tr bgcolor=\"#999933\">\n<td width=\"36%\">\n<div align=\"center\"><span style=\"color: #0000ff;\"><b>CONCEPTO<\/b><\/span><\/div>\n<\/td>\n<td width=\"19%\">\n<div align=\"center\"><span style=\"color: #0000ff;\"><b>PRECIO<\/b><\/span><\/div>\n<\/td>\n<td width=\"5%\">\n<div align=\"center\"><span style=\"color: #0000ff;\"><b>N\u00ba<\/b><\/span><\/div>\n<\/td>\n<td width=\"40%\">\n<div align=\"center\"><span style=\"color: #0000ff;\"><b>SUBTOTAL<\/b><\/span><\/div>\n<\/td>\n<\/tr>\n<tr>\n<td>Inscripci\u00f3n cada<br \/> veh\u00edculo:<\/td>\n<td>GRATIS<\/td>\n<td>1<\/td>\n<td>GRATIS<\/td>\n<\/tr>\n<tr>\n<td>Visita guiada ciudad<\/td>\n<td>3 euros<\/td>\n<td>\u00a0<\/td>\n<td>\u00a0<\/td>\n<\/tr>\n<tr>\n<td>COMIDA (plazas limitadas)<\/td>\n<td>8 euros<\/td>\n<td>\u00a0<\/td>\n<td>\u00a0<\/td>\n<\/tr>\n<\/tbody>\n<\/table>\n<p align=\"center\"><b>ENVIAR ESTA HOJA DE INSCRIPCI\u00d3N O COMUNICAR SU ASISTENCIA<\/b><br \/> Fax: 923301930, M\u00f3vil: 679751065, E-mail: club@2cvsalamanca.com<br \/> Club 2CV de Salamanca. Plaza de las Delicias n\u00ba 4, 1\u00ba A. 37003 Salamanca<\/p>\n<p align=\"center\"><b>Nota:<\/b> La inscripci\u00f3n es GRATIS<br \/> La visita guiada a la ciudad y el restaurante son opcionales.<\/p>\n<hr \/>\n","protected":false},"excerpt":{"rendered":"<p>Celebramos el pr\u00f3ximo 12 de noviembre este II encuentro de veh\u00edculos citro\u00ebn en todo el centro hist\u00f3rico de Salamanca.<\/p>\n","protected":false},"author":1,"featured_media":1144,"comment_status":"open","ping_status":"open","sticky":false,"template":"","format":"standard","meta":{"footnotes":""},"categories":[5],"tags":[],"class_list":["post-1145","post","type-post","status-publish","format-standard","has-post-thumbnail","hentry","category-concentraciones-2cv"],"_links":{"self":[{"href":"https:\/\/www.doscaballos.org\/index.php\/wp-json\/wp\/v2\/posts\/1145","targetHints":{"allow":["GET"]}}],"collection":[{"href":"https:\/\/www.doscaballos.org\/index.php\/wp-json\/wp\/v2\/posts"}],"about":[{"href":"https:\/\/www.doscaballos.org\/index.php\/wp-json\/wp\/v2\/types\/post"}],"author":[{"embeddable":true,"href":"https:\/\/www.doscaballos.org\/index.php\/wp-json\/wp\/v2\/users\/1"}],"replies":[{"embeddable":true,"href":"https:\/\/www.doscaballos.org\/index.php\/wp-json\/wp\/v2\/comments?post=1145"}],"version-history":[{"count":0,"href":"https:\/\/www.doscaballos.org\/index.php\/wp-json\/wp\/v2\/posts\/1145\/revisions"}],"wp:featuredmedia":[{"embeddable":true,"href":"https:\/\/www.doscaballos.org\/index.php\/wp-json\/wp\/v2\/media\/1144"}],"wp:attachment":[{"href":"https:\/\/www.doscaballos.org\/index.php\/wp-json\/wp\/v2\/media?parent=1145"}],"wp:term":[{"taxonomy":"category","embeddable":true,"href":"https:\/\/www.doscaballos.org\/index.php\/wp-json\/wp\/v2\/categories?post=1145"},{"taxonomy":"post_tag","embeddable":true,"href":"https:\/\/www.doscaballos.org\/index.php\/wp-json\/wp\/v2\/tags?post=1145"}],"curies":[{"name":"wp","href":"https:\/\/api.w.org\/{rel}","templated":true}]}}