{"id":1224,"date":"2007-03-05T21:28:25","date_gmt":"2007-03-05T19:28:25","guid":{"rendered":"http:\/\/www.doscaballos.org\/?p=1224"},"modified":"2007-03-05T21:28:25","modified_gmt":"2007-03-05T19:28:25","slug":"organizado-por-el-club-catalan-andre-citroen-club-31-03-07","status":"publish","type":"post","link":"https:\/\/www.doscaballos.org\/index.php\/2007\/03\/05\/organizado-por-el-club-catalan-andre-citroen-club-31-03-07\/","title":{"rendered":"Organizado por el club catal\u00e1n Andr\u00e9 Citro\u00ebn Club. 31\/03\/07"},"content":{"rendered":"<p>Cal\u00e7otada en la Ermita de Pared Delgada en La Selva del Camp (Tarragona)<\/p>\n<p>  <!--more-->  <\/p>\n<p><img loading=\"lazy\" decoding=\"async\" class=\" size-full wp-image-1223\" src=\"https:\/\/www.doscaballos.org\/wp-content\/uploads\/2007\/03\/andrecitroenclub.com_escut2.gif\" alt=\"\" width=\"255\" height=\"148\" \/><\/p>\n<p> PROGRAMA <\/p>\n<p>Concentraci\u00f3 a les 9h. al Pol\u00edgon \u201cLa Drecera\u201d. (Al costat del poble)<\/p>\n<p> Esmorzar. A les 9,30 h. anirem a esmorzar a l\u2019ermita del Remei, a 4 kms. del punt de trobada.<br \/> Cal portar-se l\u2019esmorzar, hi ha un petit bar per poder prendre caf\u00e9. Passejada per la zona de les muntanyes de Prades. <br \/>Sigueu previssors i arribeu amb el dip\u00f2sit ple de benzina. <\/p>\n<p>Cal\u00e7otada a les 14 h. a L\u00b4Ermita de Pared Delgada.<\/p>\n<p>MOLT IMPORTANT!! PLACES LIMITADES A 40 PERSONES<\/p>\n<p> PREU: 40 \u20ac per persona <\/p>\n<p>ORGANITZA: Santi Angl\u00e9s <\/p>\n<p>RESERVES ABANS DEL 25 DE MAR\u00c7 <\/p>\n<p>Santi: 656 600 646<\/p>\n<p> Un cop feta la reserva cal fer l\u2019abonament fent una transfer\u00e8ncia al n\u00ba de compte: 2100 4557 12 0100031927 (Titular: Santi Angl\u00e9s) <\/p>\n<p>Porteu el justificant de l\u2019ingr\u00e9s<\/p>\n<p>M\u00e1s informaci\u00f3n en la web del club: <a href=\"http:\/\/andrecitroenclub.com\/sortides\/proxima.html\" target=\"_blank\">Pr\u00f3ximas salidas<\/a><\/p>\n","protected":false},"excerpt":{"rendered":"<p>Cal\u00e7otada en la Ermita de Pared Delgada en La Selva del Camp (Tarragona)<\/p>\n","protected":false},"author":1,"featured_media":1223,"comment_status":"open","ping_status":"open","sticky":false,"template":"","format":"standard","meta":{"footnotes":""},"categories":[5],"tags":[],"class_list":["post-1224","post","type-post","status-publish","format-standard","has-post-thumbnail","hentry","category-concentraciones-2cv"],"_links":{"self":[{"href":"https:\/\/www.doscaballos.org\/index.php\/wp-json\/wp\/v2\/posts\/1224","targetHints":{"allow":["GET"]}}],"collection":[{"href":"https:\/\/www.doscaballos.org\/index.php\/wp-json\/wp\/v2\/posts"}],"about":[{"href":"https:\/\/www.doscaballos.org\/index.php\/wp-json\/wp\/v2\/types\/post"}],"author":[{"embeddable":true,"href":"https:\/\/www.doscaballos.org\/index.php\/wp-json\/wp\/v2\/users\/1"}],"replies":[{"embeddable":true,"href":"https:\/\/www.doscaballos.org\/index.php\/wp-json\/wp\/v2\/comments?post=1224"}],"version-history":[{"count":0,"href":"https:\/\/www.doscaballos.org\/index.php\/wp-json\/wp\/v2\/posts\/1224\/revisions"}],"wp:featuredmedia":[{"embeddable":true,"href":"https:\/\/www.doscaballos.org\/index.php\/wp-json\/wp\/v2\/media\/1223"}],"wp:attachment":[{"href":"https:\/\/www.doscaballos.org\/index.php\/wp-json\/wp\/v2\/media?parent=1224"}],"wp:term":[{"taxonomy":"category","embeddable":true,"href":"https:\/\/www.doscaballos.org\/index.php\/wp-json\/wp\/v2\/categories?post=1224"},{"taxonomy":"post_tag","embeddable":true,"href":"https:\/\/www.doscaballos.org\/index.php\/wp-json\/wp\/v2\/tags?post=1224"}],"curies":[{"name":"wp","href":"https:\/\/api.w.org\/{rel}","templated":true}]}}