{"id":1245,"date":"2007-05-09T22:17:33","date_gmt":"2007-05-09T20:17:33","guid":{"rendered":"http:\/\/www.doscaballos.org\/?p=1245"},"modified":"2007-05-09T22:17:33","modified_gmt":"2007-05-09T20:17:33","slug":"concentracion-2cv-fiestas-populares-de-lisboa-por-n2cvl-www-n2cvl-com","status":"publish","type":"post","link":"https:\/\/www.doscaballos.org\/index.php\/2007\/05\/09\/concentracion-2cv-fiestas-populares-de-lisboa-por-n2cvl-www-n2cvl-com\/","title":{"rendered":"Concentraci\u00f3n 2cv &#8211; Fiestas Populares de Lisboa &#8211; por N2cvL (www.n2cvl.com)"},"content":{"rendered":"<p>8. \u00ba Encuentro de Lisboa N2cvL<br \/> 7. \u00ba Aniversario N2cvL<br \/> (Del 22 al 24 junio 2007)<\/p>\n<p> Tema: Fiestas Populares de Lisboa<\/p>\n<p>  <!--more-->  <\/p>\n<p><b>Programa<\/b><\/p>\n<p> 22 junio (viernes)<br \/> &#8211; Bienvenida y inscripciones (Alcald\u00eda de Carnide)<\/p>\n<p> 23 junio (s\u00e1bado)<br \/> &#8211; Concentraci\u00f3n y inscripciones (Alcald\u00eda de Carnide)<br \/> &#8211; Visita guiada por el barrio m\u00e1s t\u00edpico de Lisboa &#8211; Alfama <br \/> &#8211; Visita al Museo del Fado (dedicado al canto nacional de Portugal)<br \/> &#8211; Degustaci\u00f3n de la bebida m\u00e1s t\u00edpica de Lisboa \u2013 \u201cGinjinha\u201d<br \/> &#8211; Comida en un barrio t\u00edpico de Lisboa <br \/> &#8211; Prueba deportiva<br \/> &#8211; Cena en ambiente de fiesta, donde se pueden probar las sardinas y la carne a la parrilla, t\u00edpicas de las fiestas de la ciudad, acompa\u00f1ados de pan y vino.<br \/> * Entrega de los trofeos \u201cAlfacinhas\u201d a los socios del N2cvL<br \/> * Celebraci\u00f3n del 7.\u00ba Aniversario del N2cvL<\/p>\n<p> 24 junio (domingo)<br \/> &#8211; Concentraci\u00f3n en Parque das Na\u00e7\u00f5es (sitio de Expo \u201898)<br \/> &#8211; Desfile de los coches por Lisboa<br \/> &#8211; Comida<br \/> * Entrega de premios<br \/> * Sorteos<br \/> &#8211; Despedidas<\/p>\n<p> Precio por persona (<b>todo incluido<\/b>): 49+1 Euro<\/p>\n<p> Informaciones y inscripciones: <b>nucleo.2cvlisboa@n2cvl.com<\/b><\/p>\n<p> Rui Fonseca (+351\/962905191) \/ Paulo Concei\u00e7\u00e3o (+351\/919051326)<\/p>\n<p> <b><i>www.n2cvl.com<\/i><\/b><\/p>\n","protected":false},"excerpt":{"rendered":"<p>8. \u00ba Encuentro de Lisboa N2cvL 7. \u00ba Aniversario N2cvL (Del 22 al 24 junio 2007) Tema: Fiestas Populares de Lisboa<\/p>\n","protected":false},"author":1,"featured_media":0,"comment_status":"open","ping_status":"open","sticky":false,"template":"","format":"standard","meta":{"footnotes":""},"categories":[5],"tags":[],"class_list":["post-1245","post","type-post","status-publish","format-standard","hentry","category-concentraciones-2cv"],"_links":{"self":[{"href":"https:\/\/www.doscaballos.org\/index.php\/wp-json\/wp\/v2\/posts\/1245","targetHints":{"allow":["GET"]}}],"collection":[{"href":"https:\/\/www.doscaballos.org\/index.php\/wp-json\/wp\/v2\/posts"}],"about":[{"href":"https:\/\/www.doscaballos.org\/index.php\/wp-json\/wp\/v2\/types\/post"}],"author":[{"embeddable":true,"href":"https:\/\/www.doscaballos.org\/index.php\/wp-json\/wp\/v2\/users\/1"}],"replies":[{"embeddable":true,"href":"https:\/\/www.doscaballos.org\/index.php\/wp-json\/wp\/v2\/comments?post=1245"}],"version-history":[{"count":0,"href":"https:\/\/www.doscaballos.org\/index.php\/wp-json\/wp\/v2\/posts\/1245\/revisions"}],"wp:attachment":[{"href":"https:\/\/www.doscaballos.org\/index.php\/wp-json\/wp\/v2\/media?parent=1245"}],"wp:term":[{"taxonomy":"category","embeddable":true,"href":"https:\/\/www.doscaballos.org\/index.php\/wp-json\/wp\/v2\/categories?post=1245"},{"taxonomy":"post_tag","embeddable":true,"href":"https:\/\/www.doscaballos.org\/index.php\/wp-json\/wp\/v2\/tags?post=1245"}],"curies":[{"name":"wp","href":"https:\/\/api.w.org\/{rel}","templated":true}]}}