{"id":1251,"date":"2007-05-22T12:32:01","date_gmt":"2007-05-22T10:32:01","guid":{"rendered":"http:\/\/www.doscaballos.org\/?p=1251"},"modified":"2007-05-22T12:32:01","modified_gmt":"2007-05-22T10:32:01","slug":"vii-concentracion-internacional-2cv-de-zamora-23-y-24-de-junio","status":"publish","type":"post","link":"https:\/\/www.doscaballos.org\/index.php\/2007\/05\/22\/vii-concentracion-internacional-2cv-de-zamora-23-y-24-de-junio\/","title":{"rendered":"VII Concentraci\u00f3n Internacional 2CV de Zamora. 23 y 24 de junio."},"content":{"rendered":"<p>Con motivo de las Fiestas de San Pedro, celebran esta VII Concentraci\u00f3n.<\/p>\n<p>  <!--more-->  <\/p>\n<p>AQUI OS DEJO EL PROGRAMA PROVISIONAL MAS ADELANTE SE DIRA SI ES DEFINITIVO O CAMBIA ALGO.OS MANTESNDRE COMUNICADO. <br \/> EL CORREO ES DONDE ME PODREIS MANDAR INFORMACION O BIEN DUDAS Y EL TELEFONOD E CONTACTO PUES LO MISMO<\/p>\n<p><b>PROGRAMA: <\/b><br \/> Sabado 23 de junio.<\/p>\n<p>18h.- Recepci\u00f3n de inscrito en plaza de los Tres \u00c1rboles. <br \/> 19h. Visita al Museo de Semana Santa y casco antiguo. <br \/> 22h. Cena libre.<\/p>\n<p>Domingo 24 de junio.<\/p>\n<p>10-12h.- Inscripci\u00f3n \u2013 Exposici\u00f3n de veh\u00edculos en la plaza de Los Tres \u00c1rboles. <br \/> 12h.- Salida de la caravana de coches, que har\u00e1n un recorrido a son de claxon por las principales de la ciudad. <br \/> 13h.-Visita al castillo de Villafergas en Villaralbo, d\u00f3nde se ofrecer\u00e1 a todos los asistentes a un vino de honor. <br \/> 15h.- Vuelta a Zamora en direcci\u00f3n al restaurante para comer. Despu\u00e9s de la comida se celebrar\u00e1 la entrega de trofeos.<\/p>\n<p>Nota: Durante todos los d\u00edas que duren las fiestas se expondr\u00e1 en el Museo Municipal del La Alh\u00f3ndiga, una colecci\u00f3n de Citro\u00ebn 2cv compuesta por 80 modelos.<\/p>\n<p>EL TELEFONO DE CONTACTO ES: JOSE&#8211;&gt;665 33 20 27 <br \/> MAIL DE CONTACTO: <a href=\"mailto:fuentesvazque31@hotmail.com\">fuentesvazque31@hotmail.com<\/a><\/p>\n<p>SI HUBIERA CAMBIOS YA OS LOS PONGO AQUI: <a href=\"..\/postt7220.html\">FORO <\/a><\/p>\n","protected":false},"excerpt":{"rendered":"<p>Con motivo de las Fiestas de San Pedro, celebran esta VII Concentraci\u00f3n.<\/p>\n","protected":false},"author":1,"featured_media":0,"comment_status":"open","ping_status":"open","sticky":false,"template":"","format":"standard","meta":{"footnotes":""},"categories":[5],"tags":[],"class_list":["post-1251","post","type-post","status-publish","format-standard","hentry","category-concentraciones-2cv"],"_links":{"self":[{"href":"https:\/\/www.doscaballos.org\/index.php\/wp-json\/wp\/v2\/posts\/1251","targetHints":{"allow":["GET"]}}],"collection":[{"href":"https:\/\/www.doscaballos.org\/index.php\/wp-json\/wp\/v2\/posts"}],"about":[{"href":"https:\/\/www.doscaballos.org\/index.php\/wp-json\/wp\/v2\/types\/post"}],"author":[{"embeddable":true,"href":"https:\/\/www.doscaballos.org\/index.php\/wp-json\/wp\/v2\/users\/1"}],"replies":[{"embeddable":true,"href":"https:\/\/www.doscaballos.org\/index.php\/wp-json\/wp\/v2\/comments?post=1251"}],"version-history":[{"count":0,"href":"https:\/\/www.doscaballos.org\/index.php\/wp-json\/wp\/v2\/posts\/1251\/revisions"}],"wp:attachment":[{"href":"https:\/\/www.doscaballos.org\/index.php\/wp-json\/wp\/v2\/media?parent=1251"}],"wp:term":[{"taxonomy":"category","embeddable":true,"href":"https:\/\/www.doscaballos.org\/index.php\/wp-json\/wp\/v2\/categories?post=1251"},{"taxonomy":"post_tag","embeddable":true,"href":"https:\/\/www.doscaballos.org\/index.php\/wp-json\/wp\/v2\/tags?post=1251"}],"curies":[{"name":"wp","href":"https:\/\/api.w.org\/{rel}","templated":true}]}}