{"id":1347,"date":"2008-02-18T13:24:22","date_gmt":"2008-02-18T11:24:22","guid":{"rendered":"http:\/\/www.doscaballos.org\/?p=1347"},"modified":"2014-06-02T10:10:28","modified_gmt":"2014-06-02T08:10:28","slug":"las-reuniones-mensuales-del-club-2cv-donosti-bi-zaldi-febrero-2008","status":"publish","type":"post","link":"https:\/\/www.doscaballos.org\/index.php\/2008\/02\/18\/las-reuniones-mensuales-del-club-2cv-donosti-bi-zaldi-febrero-2008\/","title":{"rendered":"Las reuniones mensuales del Club 2CV Donosti Bi Zaldi. Febrero 2008"},"content":{"rendered":"<p>Por gentileza del Club se publica informaci\u00f3n de su \u00faltima reuni\u00f3n celebrada en el mes de febrero.<\/p>\n<p>  <!--more-->  <\/p>\n<p><img loading=\"lazy\" decoding=\"async\" class=\" size-full wp-image-1346\" src=\"https:\/\/www.doscaballos.org\/wp-content\/uploads\/2008\/02\/.._modules_My_eGallery_gallery_binarios_donosti_logo_donosti.jpg\" alt=\"\" width=\"155\" height=\"152\" srcset=\"https:\/\/www.doscaballos.org\/wp-content\/uploads\/2008\/02\/.._modules_My_eGallery_gallery_binarios_donosti_logo_donosti.jpg 155w, https:\/\/www.doscaballos.org\/wp-content\/uploads\/2008\/02\/.._modules_My_eGallery_gallery_binarios_donosti_logo_donosti-36x36.jpg 36w, https:\/\/www.doscaballos.org\/wp-content\/uploads\/2008\/02\/.._modules_My_eGallery_gallery_binarios_donosti_logo_donosti-150x147.jpg 150w\" sizes=\"auto, (max-width: 155px) 100vw, 155px\" \/><br \/> Se ha modificado la direcci\u00f3n para correo postal del club pasando a ser la siguiente: C\/ORKOLAGA N\u00ba 3, BAJO &#8211; C.P. 20120 &#8211; HERNANI, GIPUZKOA . La de correo electr\u00f3nico la de siempre a pie de pagina. <\/p>\n<p> El d\u00eda 1 de Marzo ser\u00e1 la comida anual en la sidrer\u00eda que este a\u00f1o adem\u00e1s visitaremos antes el Museo de la Sidra de Astigarraga donde nos ense\u00f1aran el proceso de elaboraci\u00f3n de la sidra, diferentes variedades de manzanas y \u00e1rboles, adem\u00e1s de probar las sidra en diferentes fases de su elaboraci\u00f3n. El programa para este d\u00eda ser\u00e1 el siguiente: Nos reuniremos a partir de la 10 de la ma\u00f1ana en el Kutxaespacion de Miramon,, donde arrancaremos a la 10.30 h. para dirigirnos hacia Astigarraga donde aparcaremos en la plaza del pueblo a las 11.15 h, aprox., a continuaci\u00f3n visitaremos El Museo de La Sidra hasta las 13.00 h. y a las 14.00h iremos a comer a la Sidrer\u00eda Rezola .Los avisos para apuntarse a la comida a Juanjo P\u00e9rez al Telf. 606 065394, llamando por las tardes o por SMS, o tambi\u00e9n por correo electr\u00f3nico a juanjo_perezp@yahoo.es . La reserva final de n\u00famero de plazas se har\u00e1 el d\u00eda 24 de febrero, as\u00ed que por favor los avisos antes. <\/p>\n<p> &#8211; Como ya se informo en la carta anterior para el d\u00eda 5 del mes de Abril, el socio Jos\u00e9 Ram\u00f3n Larra\u00f1aga propon\u00eda un salida por el alto Deba asi que pasamos a dar mas detalles de la misma. Quedaremos hacia las 11.30 h, en el kutxaespacio de Miramon, para salir a las 12.00 h. en direcci\u00f3n al Santuario de Aranzazu, all\u00ed haremos un amaiketako tipo pic-nic por el santuario asi que cada uno lleve lo que le parezca y por all\u00ed lo comeremos todos juntos, seguidamente nos dirigiremos a las cuevas de ARRIKRUTZ ( mas informaci\u00f3n sobre las cuevas www.oinati.org ) en O\u00f1ati donde est\u00e1n concertadas unas visitas guiadas a las 4 de la tarde para 20 personas y otra a las 4,30 para unas 10 personas aprox. El precio de la entrada es de 6 \u20ac , y se recomienda llevar calzado deportivo para mas comodidad en el paseo interior de rejilla la cueva; Despu\u00e9s nos dirigiremos a la Plaza del Ayuntamiento de Bergara donde se ha solicitado permiso para aparcar los veh\u00edculos, hasta la 20.00h que iremos a la Sociedad donde se ha contratado un catering para la cena cuyo coste ser\u00e1 de 12\u20ac aprox por pax.. Si alguien esta interesado en quedarse a dormir por la zona tenemos dos casas rurales recomendadas: LAMA\u00d1O ETXEBERRI, San Martzial Auzoa Bergara 943-763506, 657-795362 www.lamaino.org y la otra ANDURI LANDETXEA, Ubera auzoa Bergara 943-777050, 635-727666. Si se ha quedado alg\u00fan detalle en la pr\u00f3xima carta m\u00e1s informaci\u00f3n. La fecha limite para la inscripci\u00f3n ser\u00e1 el 29 de marzo. Avisos a Jos\u00e9 Ram\u00f3n 687-501785. <\/p>\n<p> Pr\u00f3ximas citas y eventos: <br \/> -1 de marzo sidrer\u00eda en Astigarraga. A las 10:00 en el Kutxaespacio de Miram\u00f3n. Mas detalles en la anterior pagina Avisos a Juanjo P\u00e9rez antes del 23 de febrero. Tel. 606-065394. <br \/> -5 de abril salida al Alto Deba con visita a las cuevas de Arrikrutz y al Santuario de Aranzazu .Mas detalles en la pagina anterior Avisos a Joserra Larra\u00f1aga antes del 29 de marzo. Tel. 687-501785. <br \/> -20 al 23 de Marzo. VI ruta 2 cv LA MANCHA SOCUELLAMOS Semana Santa Concentraci\u00f3n 152 \u20ac por persona mas alojamiento Mas detalles en www.doscaballos.org<br \/> &#8211; 19 y 20 de Abril. Exposici\u00f3n en Paris con motivo del 50 Aniversario del Citroen 2CV Sahara. <br \/> &#8211; 25,26 y 27 de abril Concentraci\u00f3n en Sanguesa, de momento no hay mas noticias, para la pr\u00f3xima carta ya habr\u00e1 algo m\u00e1s. <br \/> &#8211; 1 al 4 de Mayo. Concentraci\u00f3n Nacional francesa en DUNQUERKE, Sesenta aniversario del 2 CV. <\/p>\n<p> Compraventas: <br \/> &#8211; Comprar\u00eda 2 CV en zona de Donosti ramonolaskoaga@yahoo.es<\/p>\n<p> La pr\u00f3xima reuni\u00f3n ser\u00e1 el d\u00eda 7 de Marzo, viernes, a las 21:00 horas en la sociedad Etxeberri del barrio del mismo nombre en Hernani. Avisad antes a Luciano.<\/p>\n<p>OS ESPERAMOS<\/p>\n<p> Donosti Bi Zaldi <br \/>web:www.donosti-bizaldi.com <br \/> email: donostibizaldi@yahoo.es<\/p>\n","protected":false},"excerpt":{"rendered":"<p>Por gentileza del Club se publica informaci\u00f3n de su \u00faltima reuni\u00f3n celebrada en el mes de febrero.<\/p>\n","protected":false},"author":1,"featured_media":1346,"comment_status":"open","ping_status":"open","sticky":false,"template":"","format":"standard","meta":{"footnotes":""},"categories":[5],"tags":[11],"class_list":["post-1347","post","type-post","status-publish","format-standard","has-post-thumbnail","hentry","category-concentraciones-2cv","tag-donosti-bi-zaldi"],"_links":{"self":[{"href":"https:\/\/www.doscaballos.org\/index.php\/wp-json\/wp\/v2\/posts\/1347","targetHints":{"allow":["GET"]}}],"collection":[{"href":"https:\/\/www.doscaballos.org\/index.php\/wp-json\/wp\/v2\/posts"}],"about":[{"href":"https:\/\/www.doscaballos.org\/index.php\/wp-json\/wp\/v2\/types\/post"}],"author":[{"embeddable":true,"href":"https:\/\/www.doscaballos.org\/index.php\/wp-json\/wp\/v2\/users\/1"}],"replies":[{"embeddable":true,"href":"https:\/\/www.doscaballos.org\/index.php\/wp-json\/wp\/v2\/comments?post=1347"}],"version-history":[{"count":1,"href":"https:\/\/www.doscaballos.org\/index.php\/wp-json\/wp\/v2\/posts\/1347\/revisions"}],"predecessor-version":[{"id":2140,"href":"https:\/\/www.doscaballos.org\/index.php\/wp-json\/wp\/v2\/posts\/1347\/revisions\/2140"}],"wp:featuredmedia":[{"embeddable":true,"href":"https:\/\/www.doscaballos.org\/index.php\/wp-json\/wp\/v2\/media\/1346"}],"wp:attachment":[{"href":"https:\/\/www.doscaballos.org\/index.php\/wp-json\/wp\/v2\/media?parent=1347"}],"wp:term":[{"taxonomy":"category","embeddable":true,"href":"https:\/\/www.doscaballos.org\/index.php\/wp-json\/wp\/v2\/categories?post=1347"},{"taxonomy":"post_tag","embeddable":true,"href":"https:\/\/www.doscaballos.org\/index.php\/wp-json\/wp\/v2\/tags?post=1347"}],"curies":[{"name":"wp","href":"https:\/\/api.w.org\/{rel}","templated":true}]}}