{"id":1366,"date":"2008-03-13T00:59:29","date_gmt":"2008-03-12T22:59:29","guid":{"rendered":"http:\/\/www.doscaballos.org\/?p=1366"},"modified":"2014-06-02T10:10:27","modified_gmt":"2014-06-02T08:10:27","slug":"las-reuniones-mensuales-del-club-2cv-donosti-bi-zaldi-marzo-2008","status":"publish","type":"post","link":"https:\/\/www.doscaballos.org\/index.php\/2008\/03\/13\/las-reuniones-mensuales-del-club-2cv-donosti-bi-zaldi-marzo-2008\/","title":{"rendered":"Las reuniones mensuales del Club 2CV Donosti Bi Zaldi. Marzo 2008"},"content":{"rendered":"<p>Por gentileza del Club se publica informaci\u00f3n de su \u00faltima reuni\u00f3n celebrada en el mes de marzo.<\/p>\n<p>  <!--more-->  <\/p>\n<p><i> <img loading=\"lazy\" decoding=\"async\" class=\" size-full wp-image-1365\" src=\"https:\/\/www.doscaballos.org\/wp-content\/uploads\/2008\/03\/www.donosti-bizaldi.com_web 2cv_logo_web.gif\" alt=\"\" width=\"130\" height=\"130\" \/><\/i><\/p>\n<p><i>Estimado amigo\/a: <\/i><\/p>\n<p>\u2022 Ya han llegado los pins. La encargada de venderlos ser\u00e1 Mari Luz al precio de 2 \u20ac por unidad<\/p>\n<p>\u2022 El d\u00eda 1 de marzo se celebr\u00f3 la comida anual en la sidrer\u00eda, antes visitamos el Museo de la Sidra de Astigarraga. La salida se puede calificar de gran \u00e9xito, 60 personas y 20 coches. En el museo nos ense\u00f1aron cosas que despu\u00e9s pusimos en pr\u00e1ctica durante la comida, buen tiempo y la comida perfecta. Txema ha preparado un bonito video sobre ese d\u00eda que se puede ver en la Web del club en la secci\u00f3n de blog-bizaldi.<\/p>\n<p>\u2022 Para el d\u00eda 5 del mes de abril, el socio Jos\u00e9 Ram\u00f3n Larra\u00f1aga ha preparado una salida por el alto Deba.<\/p>\n<p><b>El programa para ese d\u00eda ser\u00e1 el siguiente:<\/b><\/p>\n<p>Quedaremos hacia las 11.30 h, en el kutxaespacio de Miramon, para salir a las 12.00 h. en direcci\u00f3n al Santuario de Aranzazu.<br \/> Pasaremos por Beasain, Zumarraga, Legazpi, y O\u00f1ati. Haremos un hamaiketako tipo pic-nic en el santuario asi que cada uno lleve lo que le parezca y all\u00ed lo comeremos todos juntos.<\/p>\n<p>Seguidamente nos dirigiremos a las cuevas de <b>ARRIKRUTZ<\/b> ( m\u00e1s informaci\u00f3n sobre las cuevas en <a href=\"http:\/\/www.oinati.org\/\">www.oinati.org <\/a> ) en O\u00f1ati donde est\u00e1n concertadas una visita guiada a las 4 de la tarde para 20 personas y otra a las 4,30 para unas 10 personas aprox. El precio de la entrada es de 6\u20ac. Se recomienda llevar calzado deportivo para m\u00e1s comodidad en el paseo interior de rejilla en la cueva.<\/p>\n<p>Despu\u00e9s nos dirigiremos a la Plaza del Ayuntamiento de Bergara donde tenemos permiso para aparcar los veh\u00edculos, hasta la 20.00h. Iremos a la Sociedad <b>ALKARTASUNA<\/b>, situada en el barrio Elorregi Auzoa, en el cruce de las carreteras de O\u00f1ati-Mondragon donde se ha contratado un catering para la cena cuyo coste ser\u00e1 de 15\u20ac para mayores y 7 \u20ac para ni\u00f1os.<\/p>\n<p>Si alguien esta interesado en quedarse a dormir por la zona tenemos <i><b>dos casas rurales recomendadas:<\/b><\/i><\/p>\n<p><b>LAMA\u00d1O ETXEBERRI <\/b>San Martzual Auzoa Bergara 943-763506, 657-795362 <a href=\"http:\/\/www.lamaino.org\/\">www.lamaino.org<\/a><\/p>\n<p><b>ANDURI LANDETXEA<\/b> Ubera Auzoa &#8211; Bergara 943-777050, 635-727666. La fecha l\u00edmite para la inscripci\u00f3n ser\u00e1 el 29 de marzo. Avisos a Jos\u00e9 Ram\u00f3n al 687 501785 noches, tambi\u00e9n por correo a <a href=\"mailto:joseramonlarra@hotmail.com\">joseramonlarra@hotmail.com <\/a> o a Mari Carmen al 667-602776 especificando si se va a entrar en las cuevas, si se va a asistir a la cena y cuantas personas, y despu\u00e9s ingresando la cantidad correspondiente solo a la cena en la cuenta del club, BBVA: 0182-5700-34-0201536966, poniendo el nombre de quien lo hace.<\/p>\n<p>\u2022 Ya tenemos algo m\u00e1s sobre la <b>concentraci\u00f3n bienal del club que se celebrara el 7 y 8 junio. <\/b><\/p>\n<p>El centro de reuni\u00f3n ser\u00e1 el Albergue-Pensi\u00f3n AMETZAGA\u00d1A situado en el <b>barrio de Martutene, en Donostia<\/b> <a href=\"http:\/\/www.ametzagana.com\/\">www.ametzagana.com <\/a> . <br \/> El s\u00e1bado d\u00eda 7 haremos una ruta por la costa, Orio, Zarauz, Getaria, y la comida ser\u00e1 en Orio. El domingo pasearemos por el monte Jaizquibel y Fuenterrabia. Es un poco a grandes rasgos el plan, mas adelante publicaremos mas detalles, precios etc.<\/p>\n<p><b>\u2022 <i>Pr\u00f3ximas citas y eventos: <\/i><\/b><\/p>\n<p><i>-5 de abril salida al Alto Deba con visita a las cuevas de Arrikrutz y al Santuario de Aranzazu. M\u00e1s detalles en la p\u00e1gina anterior. Avisos a Joserra Larra\u00f1aga antes del 29 de marzo. Tel.687-501785 \u00f3 Mari Carmen 667-602776. <\/i><\/p>\n<p><i>&#8211; 16 de marzo. <b>II Raid de tierra Los Olivos para 2cv y derivados en Belchite (Zaragoza)<\/b>. M\u00e1s informaci\u00f3n en el 646-957672 <a href=\"mailto:club2cvaragon@hotmail.com\">club2cvaragon@hotmail.com <\/a>. <\/i><\/p>\n<p><i>-20 al 23 de marzo. <b>VI ruta 2cv LA MANCHA SOCUELLAMOS<\/b>. Semana Santa Concentraci\u00f3n 152 \u20ac por persona m\u00e1s alojamiento Mas detalles en <a href=\"..\/\">www.doscaballos.org <\/a> o por tel\u00e9fono al 616-547525 tardes Jes\u00fas. <\/i><\/p>\n<p><i>&#8211; 19 y 20 de abril. <b>Exposici\u00f3n en Par\u00eds con motivo del 50 Aniversario del Citroen 2CV Sahara.<\/b> <\/i><\/p>\n<p><i>-25 al 27de abril. <b>Concentraci\u00f3n en Sanguesa<\/b>, Se celebrara en el Hotel Yamaguchi, tel 948-870127 <a href=\"http:\/\/www.hotelyamaguchi.com\/\">www.hotelyamaguchi.com <\/a> el precio ser\u00e1 de 58 \u20ac por persona. La cena del s\u00e1bado, dormir en habitaci\u00f3n doble, desayuno y comida del domingo, la comida del s\u00e1bado ser\u00e1 de picnic en el campo, en la pr\u00f3xima carta pondremos el programa completo. <a href=\"..\/\">www.doscaballos.org <\/a><\/i><\/p>\n<p><i>&#8211; 1 al 4 de Mayo. <b>Concentraci\u00f3n Nacional francesa en DUNQUERKE<\/b>, Sesenta aniversario del 2 CV. <\/i><\/p>\n<p><i>&#8211; 3 de mayo. <b>I Concentraci\u00f3n Nacional del Club Citroen 2 cv de Levante <\/b><\/i><\/p>\n<p><i>&#8211; 10 y 11 de mayo.<b> XIV Sal\u00f3n Internacional de Veh\u00edculos Cl\u00e1sicos en Ficoba Ir\u00fan. <\/b><\/i><\/p>\n<p><i>&#8211; 7 y 8 de junio: <b>Concentraci\u00f3n bienal del Club Donosti Bizaldi <\/b><\/i><\/p>\n<p><i><b>Compraventas: <\/b><\/i><\/p>\n<p><i>No hay. <\/i><\/p>\n<p><i>La pr\u00f3xima reuni\u00f3n ser\u00e1 el d\u00eda 5 de Abril, s\u00e1bado, en la sociedad Alkartasuna de Bergara. <\/i><\/p>\n<p><b>Donosti Bi Zaldi <\/b><br \/> web: <a href=\"http:\/\/www.donosti-bizaldi.com\/\" target=\"_blank\">www.donosti-bizaldi.com<\/a> <br \/> E-mail: donostibizaldi(arroba)yahoo.es<\/p>\n","protected":false},"excerpt":{"rendered":"<p>Por gentileza del Club se publica informaci\u00f3n de su \u00faltima reuni\u00f3n celebrada en el mes de marzo.<\/p>\n","protected":false},"author":1,"featured_media":1365,"comment_status":"open","ping_status":"open","sticky":false,"template":"","format":"standard","meta":{"footnotes":""},"categories":[5],"tags":[11],"class_list":["post-1366","post","type-post","status-publish","format-standard","has-post-thumbnail","hentry","category-concentraciones-2cv","tag-donosti-bi-zaldi"],"_links":{"self":[{"href":"https:\/\/www.doscaballos.org\/index.php\/wp-json\/wp\/v2\/posts\/1366","targetHints":{"allow":["GET"]}}],"collection":[{"href":"https:\/\/www.doscaballos.org\/index.php\/wp-json\/wp\/v2\/posts"}],"about":[{"href":"https:\/\/www.doscaballos.org\/index.php\/wp-json\/wp\/v2\/types\/post"}],"author":[{"embeddable":true,"href":"https:\/\/www.doscaballos.org\/index.php\/wp-json\/wp\/v2\/users\/1"}],"replies":[{"embeddable":true,"href":"https:\/\/www.doscaballos.org\/index.php\/wp-json\/wp\/v2\/comments?post=1366"}],"version-history":[{"count":1,"href":"https:\/\/www.doscaballos.org\/index.php\/wp-json\/wp\/v2\/posts\/1366\/revisions"}],"predecessor-version":[{"id":2138,"href":"https:\/\/www.doscaballos.org\/index.php\/wp-json\/wp\/v2\/posts\/1366\/revisions\/2138"}],"wp:featuredmedia":[{"embeddable":true,"href":"https:\/\/www.doscaballos.org\/index.php\/wp-json\/wp\/v2\/media\/1365"}],"wp:attachment":[{"href":"https:\/\/www.doscaballos.org\/index.php\/wp-json\/wp\/v2\/media?parent=1366"}],"wp:term":[{"taxonomy":"category","embeddable":true,"href":"https:\/\/www.doscaballos.org\/index.php\/wp-json\/wp\/v2\/categories?post=1366"},{"taxonomy":"post_tag","embeddable":true,"href":"https:\/\/www.doscaballos.org\/index.php\/wp-json\/wp\/v2\/tags?post=1366"}],"curies":[{"name":"wp","href":"https:\/\/api.w.org\/{rel}","templated":true}]}}