{"id":1538,"date":"2009-05-25T22:11:08","date_gmt":"2009-05-25T20:11:08","guid":{"rendered":"http:\/\/www.doscaballos.org\/?p=1538"},"modified":"2009-05-25T22:11:08","modified_gmt":"2009-05-25T20:11:08","slug":"sortida-a-la-vall-de-camprodon-29-a-31-de-mayo","status":"publish","type":"post","link":"https:\/\/www.doscaballos.org\/index.php\/2009\/05\/25\/sortida-a-la-vall-de-camprodon-29-a-31-de-mayo\/","title":{"rendered":"Sortida a la Vall de Camprodon. 29 a 31 de mayo."},"content":{"rendered":"<p>Organizado por Andr\u00e9 Citro\u00ebn Club de Catalunya<\/p>\n<p>  <!--more-->  <\/p>\n<p><img loading=\"lazy\" decoding=\"async\" class=\" size-full wp-image-1537\" src=\"https:\/\/www.doscaballos.org\/wp-content\/uploads\/2009\/05\/andrecitroenclub.com_escut2.gif\" alt=\"\" width=\"255\" height=\"148\" \/><\/p>\n<p>Sortida a la Vall de Camprodon. 29, 30 i 31 de Maig Al Camping Conca de Ter<\/p>\n<p>Allotjament en bungalows: Els nostres bungalows disposen de dos habitacions una amb llit de matrimoni i l\u2019altre amb dos llits, cambra de<br \/> bany amb: WC, dutxa i lavabo, menjador \/cuina, TV, Aigua calent i calefacci\u00f3. Ocupat per 4 persones per bungalow (2 parelles).<br \/> Preu per persona dormir las dos nits 30,00\u20ac.<\/p>\n<p> Es poden agafar bungalows per fam\u00edlies (fins a 6 persones)al preu de 120,00\u20ac les 2 nits.<br \/> Pensi\u00f3 completa: Bufet lliure, esmorzar, Men\u00fa dinar i Men\u00fa sopar.<br \/> Preu per persona pensi\u00f3 completa els dos dies 60,00\u20ac.<\/p>\n<p> Tenim un excel\u00b7lent restaurant, servim, l\u2019esmorzar \u201ccontinental\u201d mes embotit, tots els men\u00fas tenen aperitiu i copa de cava, primer plat, segon plat (carn o peix), postra pa i vi.<\/p>\n<p><b><span style=\"color: #009999;\">Programa<\/span><\/b><\/p>\n<p> <b>29-05-09<\/b> <br \/> Arribada al c\u00e0mping a partir de les 16,00h., inscripcions.<br \/> Sopar a les 21,00h., allotjament.<br \/> <b><br \/> 30-05-09<\/b><br \/> Esmorzar: Bufet lliure, 09,30h Excursi\u00f3 Baget, visitarem les gorges i l\u2019 Iglesia (talla rom\u00e0nica del segle XVI), tornarem per Oix i Castellfollit<br \/> de la Roca, segons el temps pararem a visitar el poble.<br \/> Arribada al c\u00e0mping sobre les 14,00h.<br \/> Dinar: 14,15 h.<br \/> Tarda lliure per gaudir de les instal\u00b7lacions del c\u00e0mping, passeja fins el poblet de Vilallonga de Ter (500m.) o fer compres a Camprodon.<br \/> A confirmar l\u2019acte que ser\u00eda a les 18,30h. Degustaci\u00f3 de vins, caves i pernil. Col\u00b7labora Caves Peralada<br \/> Sopar a les 21,00h.<br \/> Allotjament.<\/p>\n<p>31-05-09<br \/> Esmorzar Bufet lliure<br \/> 09,30h. Sortida cap a Ribes de Freser, continuant cap a Bruguera i Coll de Jou, on gaudirem de magnifiques vistes sota la tutela de la<br \/> muntanya del Taga, arribarem a Ogassa sobre les 12h. On ens espera l\u2019Alex, visita guiada de les mines i del pintoresc poblet,<br \/> Les mines de carb\u00f3 de Ogassa\/Surroca, que es comen\u00e7aren a explotar des de finals del s. XVIII, foren determinants perqu\u00e8 el<br \/> ferrocarril arrib\u00e9s al Ripoll\u00e8s l&#8217;any 1880, a fi de traslladar r\u00e0pidament el mineral cap a Barcelona. Les explotacions assoliren la seva m\u00e0xima<br \/> esplendor entre finals del s. XIX, i la primera meitat del s. XX. Bona prova d&#8217;aquesta prosperitat econ\u00f2mica en s\u00f3n els 1578 habitants que<br \/> tenia el municipi d&#8217;Ogassa l&#8217;any 1900. Tot i disminuir gradualment el nombre de tones extretes de carb\u00f3, les mines van resta actives fins<br \/> l&#8217;any 1967 que es van tancar.<br \/> Sobre les 13,30h tornarem al c\u00e0mping, preu de la visita 4,00\u20ac per persona, arribada al c\u00e0mping sobre les 14,30h.<br \/> Dinar 14,35h.<br \/> Comiat i fi de l\u2019excursi\u00f3, tronem a casa.<br \/> ________________________________________________________<br \/> Disposem d\u2019un nombre limitat de bungalows, les inscripcions es faran als n\u00fameros de tel\u00e8fon 972740629 o 659735148, us atendr\u00e0: Jordi<br \/> S\u00e1nchez Baeta, rigor\u00f3s ordre d\u2019inscripci\u00f3.<br \/> Es sol\u00b7licitar\u00e0 el 50% de l\u2019 import, el Jordi us el calcular\u00e0 i tindreu que ingressar a la conta del B. Popular a favor del c\u00e0mping: Conca de Ter,<br \/> nombre: 0075.0102.65.0605044353<\/p>\n<hr \/>\n<p><i><b>M\u00e1s informaci\u00f3n en el foro:<\/b><\/i><\/p>\n<p><a href=\"..\/postt14276.html\" target=\"_blank\">https:\/\/www.doscaballos.org\/postt14276.html <\/a><br \/> Web: <a href=\"http:\/\/andrecitroenclub.com\" target=\"_blank\">http:\/\/andrecitroenclub.com<\/a><\/p>\n","protected":false},"excerpt":{"rendered":"<p>Organizado por Andr\u00e9 Citro\u00ebn Club de Catalunya<\/p>\n","protected":false},"author":1,"featured_media":1537,"comment_status":"open","ping_status":"open","sticky":false,"template":"","format":"standard","meta":{"footnotes":""},"categories":[5],"tags":[],"class_list":["post-1538","post","type-post","status-publish","format-standard","has-post-thumbnail","hentry","category-concentraciones-2cv"],"_links":{"self":[{"href":"https:\/\/www.doscaballos.org\/index.php\/wp-json\/wp\/v2\/posts\/1538","targetHints":{"allow":["GET"]}}],"collection":[{"href":"https:\/\/www.doscaballos.org\/index.php\/wp-json\/wp\/v2\/posts"}],"about":[{"href":"https:\/\/www.doscaballos.org\/index.php\/wp-json\/wp\/v2\/types\/post"}],"author":[{"embeddable":true,"href":"https:\/\/www.doscaballos.org\/index.php\/wp-json\/wp\/v2\/users\/1"}],"replies":[{"embeddable":true,"href":"https:\/\/www.doscaballos.org\/index.php\/wp-json\/wp\/v2\/comments?post=1538"}],"version-history":[{"count":0,"href":"https:\/\/www.doscaballos.org\/index.php\/wp-json\/wp\/v2\/posts\/1538\/revisions"}],"wp:featuredmedia":[{"embeddable":true,"href":"https:\/\/www.doscaballos.org\/index.php\/wp-json\/wp\/v2\/media\/1537"}],"wp:attachment":[{"href":"https:\/\/www.doscaballos.org\/index.php\/wp-json\/wp\/v2\/media?parent=1538"}],"wp:term":[{"taxonomy":"category","embeddable":true,"href":"https:\/\/www.doscaballos.org\/index.php\/wp-json\/wp\/v2\/categories?post=1538"},{"taxonomy":"post_tag","embeddable":true,"href":"https:\/\/www.doscaballos.org\/index.php\/wp-json\/wp\/v2\/tags?post=1538"}],"curies":[{"name":"wp","href":"https:\/\/api.w.org\/{rel}","templated":true}]}}