{"id":1691,"date":"2011-04-13T19:05:48","date_gmt":"2011-04-13T17:05:48","guid":{"rendered":"http:\/\/www.doscaballos.org\/?p=1691"},"modified":"2011-04-13T19:05:48","modified_gmt":"2011-04-13T17:05:48","slug":"bicilindrics-cat-8-mayo-mataro-parc-natural-del-montnegre","status":"publish","type":"post","link":"https:\/\/www.doscaballos.org\/index.php\/2011\/04\/13\/bicilindrics-cat-8-mayo-mataro-parc-natural-del-montnegre\/","title":{"rendered":"BICILINDRICS.CAT 8 Mayo- Matar\u00f3-Parc natural del Montnegre"},"content":{"rendered":"<p>Para el proximo 8 de Mayo se ha preparado una visita con comida en un albergue al parc natural del Montnegre<\/p>\n<p>  <!--more-->  <\/p>\n<p><b>PROGRAMA: <\/b><br \/> 10h Quedamos en Matar\u00f3, falta confirmar la direcci\u00f3n exacta. <br \/> 10:30h paseo por la zona maritima de Matar\u00f3 justo despu\u00e9s direcci\u00f3n a la monta\u00f1a una vez all\u00ed continuamos haciendo una peque\u00f1a ruta(30-40min) hasta llegar al mirador de Matar\u00f3, desde all\u00ed se puede observar toda la linea de la costa, vista recomendable.<\/p>\n<p>Cuando nos cansemos, nos coja hambre o sea la hora, nos vamos al albergue, all\u00ed nos preparan una comida al precio de 15,15\u20ac por persona.<\/p>\n<p><b>Men\u00fa: <\/b><br \/> Ensalada <br \/> Macarrones <br \/> Pollo (se supone que al horno) <br \/> postre <br \/> Bebidas a parte <\/p>\n<p> Quien quiera puede ir a pasar el<i> finde<\/i> al albergue, si alguien esta interesado le paso el telefono por mp <\/p>\n<p> <b>Hay que confirmar la comida antes del 21 de abril!!!<\/b> <\/p>\n<p> Si llegamos tarde tendremos que hacer pic-nic. <\/p>\n<p> Se me olvidava que el el compa\u00f1ero Joan quien organiza la salida, yo le hecho un cable a presentarla <\/p>\n<p> <a href=\"http:\/\/2cvbicilindrics.creatuforo.net\/t185-trobada-a-mataro-montnegre-diumenge-8-de-maig-de-2011\">+ INFORMACI\u00d3N:<br \/> http:\/\/2cvbicilindrics.creatuforo.net\/t185-trobada-a-mataro-montnegre-diumenge-8-de-maig-de-2011 <\/a><\/p>\n<p>Enlace en el foro www.doscaballos.org:<br \/> <a href=\"..\/postt21079.html\">https:\/\/www.doscaballos.org\/postt21079.html<\/a><\/p>\n","protected":false},"excerpt":{"rendered":"<p>Para el proximo 8 de Mayo se ha preparado una visita con comida en un albergue al parc natural del Montnegre<\/p>\n","protected":false},"author":1,"featured_media":0,"comment_status":"open","ping_status":"open","sticky":false,"template":"","format":"standard","meta":{"footnotes":""},"categories":[5],"tags":[],"class_list":["post-1691","post","type-post","status-publish","format-standard","hentry","category-concentraciones-2cv"],"_links":{"self":[{"href":"https:\/\/www.doscaballos.org\/index.php\/wp-json\/wp\/v2\/posts\/1691","targetHints":{"allow":["GET"]}}],"collection":[{"href":"https:\/\/www.doscaballos.org\/index.php\/wp-json\/wp\/v2\/posts"}],"about":[{"href":"https:\/\/www.doscaballos.org\/index.php\/wp-json\/wp\/v2\/types\/post"}],"author":[{"embeddable":true,"href":"https:\/\/www.doscaballos.org\/index.php\/wp-json\/wp\/v2\/users\/1"}],"replies":[{"embeddable":true,"href":"https:\/\/www.doscaballos.org\/index.php\/wp-json\/wp\/v2\/comments?post=1691"}],"version-history":[{"count":0,"href":"https:\/\/www.doscaballos.org\/index.php\/wp-json\/wp\/v2\/posts\/1691\/revisions"}],"wp:attachment":[{"href":"https:\/\/www.doscaballos.org\/index.php\/wp-json\/wp\/v2\/media?parent=1691"}],"wp:term":[{"taxonomy":"category","embeddable":true,"href":"https:\/\/www.doscaballos.org\/index.php\/wp-json\/wp\/v2\/categories?post=1691"},{"taxonomy":"post_tag","embeddable":true,"href":"https:\/\/www.doscaballos.org\/index.php\/wp-json\/wp\/v2\/tags?post=1691"}],"curies":[{"name":"wp","href":"https:\/\/api.w.org\/{rel}","templated":true}]}}