{"id":1836,"date":"2012-06-12T15:08:35","date_gmt":"2012-06-12T13:08:35","guid":{"rendered":"http:\/\/www.doscaballos.org\/?p=1836"},"modified":"2014-06-02T13:03:38","modified_gmt":"2014-06-02T11:03:38","slug":"reuniones-de-club-donosti-bi-zaldi-junio-2012","status":"publish","type":"post","link":"https:\/\/www.doscaballos.org\/index.php\/2012\/06\/12\/reuniones-de-club-donosti-bi-zaldi-junio-2012\/","title":{"rendered":"Reuniones de Club Donosti Bi zaldi. Junio 2012"},"content":{"rendered":"<p>Por gentileza del club vasco se publica el resumen de la reuni\u00f3n que han celebrado.<\/p>\n<p>  <!--more-->  <\/p>\n<p><img loading=\"lazy\" decoding=\"async\" class=\" size-full wp-image-1835\" src=\"https:\/\/www.doscaballos.org\/wp-content\/uploads\/2012\/06\/www.donosti-bizaldi.com_web 2cv_logo_web.gif\" alt=\"\" width=\"130\" height=\"130\" \/><\/p>\n<p>Estimado amigo\/a:<\/p>\n<p> Reunidos en sesi\u00f3n Ordinaria, el d\u00eda 8 de Junio de 2012, en Hernani, se habl\u00f3 de lo siguiente: <\/p>\n<p> * En primer lugar hacemos balance de la XIV concentraci\u00f3n Bienal, celebrada en Lekeitio. En cuanto a lo que se refiere al evento, muy buena asistencia, de diferentes lugares, buen ambiente etc. Felicitar a los organizadores, Josu Arcarai y Aitor Villota, por el excelente trabajo realizado.<\/p>\n<p> * Desde Milagro, en Navarra, nos llega invitaci\u00f3n a una concentraci\u00f3n de veh\u00edculos cl\u00e1sicos que se celebrara el d\u00eda 16 de Junio. A las 10.30 h. se recibir\u00e1 a los veh\u00edculos en la Plaza de San Juan, tras un picoteo se har\u00e1 un recorrido por la zona, visita al castillo de Marcilla, y a los pueblos de Funes y Villafranca. A las 13.15. h. los coches ser\u00e1n estacionados en el centro del pueblo, y despu\u00e9s a las 14.30. h. Paellada popular en el antiguo polideportivo, (junto al Ayuntamiento) todo esto invitaci\u00f3n de los organizadores. Avisar a David al 617 984999 o al dalomaga@hotmail.com<\/p>\n<p> * El d\u00eda 17 de Junio el Ayuntamiento de Zumarraga, organiza la D\u00e9cima concentraci\u00f3n y exhibici\u00f3n de veh\u00edculos cl\u00e1sicos, el programa ser\u00e1: exposici\u00f3n en la plaza del pueblo a partir de la 11 de la ma\u00f1ana, recorrido por la villa hasta la Ermita de la Antigua, donde se har\u00e1 un picoteo, despu\u00e9s regreso al pueblo, exposici\u00f3n de los veh\u00edculos y comida. El precio es de 5 \u20acuros por persona y dos personas por vehiculo. <\/p>\n<p> * Nos llega informaci\u00f3n a trav\u00e9s de la prensa escrita, de que con motivo de la celebraci\u00f3n del centenario del Monte Igeldo de San Sebasti\u00e1n, en la ma\u00f1ana del s\u00e1bado d\u00eda 30 de Junio, habra una exposici\u00f3n de veh\u00edculos cl\u00e1sicos, en la que habr\u00e1 principalmente 600, 2 CV y vespas. <\/p>\n<p> * Con respecto a la Concentraci\u00f3n nacional Portuguesa, que se celebrara los d\u00edas 26 al 29 de Julio, en Mangualde: El centro de reuni\u00f3n ser\u00e1 en el Hotel S\u00aa do Castel\u00f3, dispone terreno a los alrededores para acampara en tienda d\u00e9 campa\u00f1a (12.50 \u20ac d\u00eda), utilizando los servicios del hotel. El precio de la concentraci\u00f3n es de 50 \u20acuros por persona, incluye cena viernes, comida y cena del s\u00e1bado y comida del domingo. <\/p>\n<p> * Pr\u00f3ximas citas y eventos:<\/p>\n<p> &#8211; 16 de Junio 1\u00aa Concentraci\u00f3n de cl\u00e1sicos en Cereza de Milagro<\/p>\n<p> &#8211; 17 Junio X Concentraci\u00f3n y exposici\u00f3n de veh\u00edculos cl\u00e1sicos en Zumarraga. <\/p>\n<p> &#8211; 24 de Junio 8\u00ba Concentraci\u00f3n de veh\u00edculos cl\u00e1sicos y deportivos en Calahorra. <\/p>\n<p> &#8211; 30 de Junio Exposici\u00f3n de veh\u00edculos cl\u00e1sicos en el Monte Igeldo de San Sebasti\u00e1n. <\/p>\n<p> &#8211; 30 de Junio Concentraci\u00f3n de Cl\u00e1sicos en Sobrazo Cantabria<\/p>\n<p> &#8211; 29, 30 de Junio y 1 de Julio Concentraci\u00f3n del club Pococolo en Sara (Francia) <\/p>\n<p> &#8211; 29,30 de Junio y 1 de Julio 2 \u00aa Trobada anual Club 2 CV Girona- 13,14 Y 15 DE Julio II Concentraci\u00f3n en Aliste de 2 CV, Zamora. <\/p>\n<p> -26 AL 29 de Julio. : 3\u00aa Concentraci\u00f3n Nacional de 2 CV y derivados en Mangualde (Portugal)<\/p>\n<p> &#8211; 9 al 12 de Agosto 15 Rally Internacional de Citroen Car Clubs en Yorkshire Inglaterra<\/p>\n<p> &#8211; 23, 24 y 25 de Noviembre. II Feria Retro Cl\u00e1sica en el B E C de Bilbao. <\/p>\n<p> En pr\u00f3xima reuni\u00f3n, ser\u00e1 el d\u00eda 7 de Julio, en Noain, ( Pamplona ).<\/p>\n<p> Saludos<\/p>\n<p> Hasta la pr\u00f3xima.<\/p>\n<p> web: http:\/\/donosti-bizaldi.com &#8211;<\/p>\n<p> E-mail: donostibizaldi@yahoo.es<\/p>\n","protected":false},"excerpt":{"rendered":"<p>Por gentileza del club vasco se publica el resumen de la reuni\u00f3n que han celebrado.<\/p>\n","protected":false},"author":1,"featured_media":1835,"comment_status":"open","ping_status":"open","sticky":false,"template":"","format":"standard","meta":{"footnotes":""},"categories":[4],"tags":[17],"class_list":["post-1836","post","type-post","status-publish","format-standard","has-post-thumbnail","hentry","category-noticias","tag-club-donosti-bi-zaldi"],"_links":{"self":[{"href":"https:\/\/www.doscaballos.org\/index.php\/wp-json\/wp\/v2\/posts\/1836","targetHints":{"allow":["GET"]}}],"collection":[{"href":"https:\/\/www.doscaballos.org\/index.php\/wp-json\/wp\/v2\/posts"}],"about":[{"href":"https:\/\/www.doscaballos.org\/index.php\/wp-json\/wp\/v2\/types\/post"}],"author":[{"embeddable":true,"href":"https:\/\/www.doscaballos.org\/index.php\/wp-json\/wp\/v2\/users\/1"}],"replies":[{"embeddable":true,"href":"https:\/\/www.doscaballos.org\/index.php\/wp-json\/wp\/v2\/comments?post=1836"}],"version-history":[{"count":1,"href":"https:\/\/www.doscaballos.org\/index.php\/wp-json\/wp\/v2\/posts\/1836\/revisions"}],"predecessor-version":[{"id":2170,"href":"https:\/\/www.doscaballos.org\/index.php\/wp-json\/wp\/v2\/posts\/1836\/revisions\/2170"}],"wp:featuredmedia":[{"embeddable":true,"href":"https:\/\/www.doscaballos.org\/index.php\/wp-json\/wp\/v2\/media\/1835"}],"wp:attachment":[{"href":"https:\/\/www.doscaballos.org\/index.php\/wp-json\/wp\/v2\/media?parent=1836"}],"wp:term":[{"taxonomy":"category","embeddable":true,"href":"https:\/\/www.doscaballos.org\/index.php\/wp-json\/wp\/v2\/categories?post=1836"},{"taxonomy":"post_tag","embeddable":true,"href":"https:\/\/www.doscaballos.org\/index.php\/wp-json\/wp\/v2\/tags?post=1836"}],"curies":[{"name":"wp","href":"https:\/\/api.w.org\/{rel}","templated":true}]}}