{"id":1858,"date":"2012-11-14T10:38:52","date_gmt":"2012-11-14T08:38:52","guid":{"rendered":"http:\/\/www.doscaballos.org\/?p=1858"},"modified":"2014-06-02T13:03:38","modified_gmt":"2014-06-02T11:03:38","slug":"reuniones-de-club-donosti-bi-zaldi-noviembre-de-2012","status":"publish","type":"post","link":"https:\/\/www.doscaballos.org\/index.php\/2012\/11\/14\/reuniones-de-club-donosti-bi-zaldi-noviembre-de-2012\/","title":{"rendered":"Reuniones de Club Donosti Bi zaldi. Noviembre de 2012"},"content":{"rendered":"<p>Por gentileza del club vasco se publica el resumen de la reuni\u00f3n que han celebrado.<\/p>\n<p>  <!--more-->  <\/p>\n<p><img loading=\"lazy\" decoding=\"async\" class=\" size-full wp-image-1857\" src=\"https:\/\/www.doscaballos.org\/wp-content\/uploads\/2012\/11\/www.donosti-bizaldi.com_web 2cv_logo_web.gif\" alt=\"\" width=\"130\" height=\"130\" \/><\/p>\n<p>Estimado amigo\/a:<\/p>\n<p> Como todos los meses pasamos a informar de los temas que nos han llegado, y de los que quedaran pendientes para la pr\u00f3xima reuni\u00f3n. <\/p>\n<p> * En la recientemente celebrada concentraci\u00f3n en la monta\u00f1a Alavesa, los d\u00edas 2,3 y 4 de Noviembre, destacar la gran asistencia de participantes , llegados de diferentes puntos del estado, el buen ambiente , y agradecer a los organizadores, Pablo y Maika, por su fenomenal trabajo. <\/p>\n<p> * Los d\u00edas 23, 24 y 25 de Noviembre, se celebra en el Bilbao Exhibition Centre (BEC), la II feria del vehiculo cl\u00e1sico, de \u00e9poca y colecci\u00f3n RETRO CLASICA. Los visitantes que acudan con sus veh\u00edculos cl\u00e1sicos, dispondr\u00e1n de aparcamiento gratuito y vigilado en una zona reservada del recinto ferial, y adem\u00e1s como novedad en esta edici\u00f3n, se beneficiaran de un descuento del 50 % en el precio de la entrada. Josu Azkarai ha propuesto, organizar una comida con todos lo que vayan a asistir al evento y quedar un d\u00eda. Los interesados avisar al tf. 616 090610 o al correo valledyane@hotmail.com . <\/p>\n<p> * Como ya se informo anteriormente, la fecha escogida para celebrar el aniversario del club, ser\u00e1 el s\u00e1bado 15 de diciembre, y nos desplazaremos hasta Arantza, a degustar una suculenta alubiada, el precio de esta es de 25 \u20acuros,( men\u00fa infantil 11 \u20ac ) si alguien desea quedarse a dormir en el alberge, el coste de dormir y desayunar son 20,50 \u20acuros mas, en este caso avisar en el alberge directamente al 948 634179 , y para la alubiada a Aitor al 696 175199 a partir de las 20.00 horas, y antes del d\u00eda 12 de diciembre. La cita para reunirnos ser\u00e1 a la 10.30 horas en Hernani, junto a la Gasolinera de Karabel, para partir de ruta hacia Goizueta, Santesteban y finalizar en Arantza. <\/p>\n<p> * Pr\u00f3ximas citas y eventos: <\/p>\n<p> &#8211; 23, 24 y 25 de Noviembre. II Feria Retro Cl\u00e1sica en el B E C de Bilbao.<\/p>\n<p> &#8211; 15 de Diciembre Aniversario del club. Alubiada en Arantza. <\/p>\n<p> La pr\u00f3xima reuni\u00f3n ser\u00e1 el d\u00eda 15 de Diciembre.<\/p>\n<p> Saludos <\/p>\n<p> Hasta la pr\u00f3xima.<\/p>\n<p> web: http:\/\/donosti-bizaldi.com &#8211;<\/p>\n<p> E-mail: donostibizaldi@yahoo.es<\/p>\n","protected":false},"excerpt":{"rendered":"<p>Por gentileza del club vasco se publica el resumen de la reuni\u00f3n que han celebrado.<\/p>\n","protected":false},"author":1,"featured_media":1857,"comment_status":"open","ping_status":"open","sticky":false,"template":"","format":"standard","meta":{"footnotes":""},"categories":[4],"tags":[17],"class_list":["post-1858","post","type-post","status-publish","format-standard","has-post-thumbnail","hentry","category-noticias","tag-club-donosti-bi-zaldi"],"_links":{"self":[{"href":"https:\/\/www.doscaballos.org\/index.php\/wp-json\/wp\/v2\/posts\/1858","targetHints":{"allow":["GET"]}}],"collection":[{"href":"https:\/\/www.doscaballos.org\/index.php\/wp-json\/wp\/v2\/posts"}],"about":[{"href":"https:\/\/www.doscaballos.org\/index.php\/wp-json\/wp\/v2\/types\/post"}],"author":[{"embeddable":true,"href":"https:\/\/www.doscaballos.org\/index.php\/wp-json\/wp\/v2\/users\/1"}],"replies":[{"embeddable":true,"href":"https:\/\/www.doscaballos.org\/index.php\/wp-json\/wp\/v2\/comments?post=1858"}],"version-history":[{"count":1,"href":"https:\/\/www.doscaballos.org\/index.php\/wp-json\/wp\/v2\/posts\/1858\/revisions"}],"predecessor-version":[{"id":2167,"href":"https:\/\/www.doscaballos.org\/index.php\/wp-json\/wp\/v2\/posts\/1858\/revisions\/2167"}],"wp:featuredmedia":[{"embeddable":true,"href":"https:\/\/www.doscaballos.org\/index.php\/wp-json\/wp\/v2\/media\/1857"}],"wp:attachment":[{"href":"https:\/\/www.doscaballos.org\/index.php\/wp-json\/wp\/v2\/media?parent=1858"}],"wp:term":[{"taxonomy":"category","embeddable":true,"href":"https:\/\/www.doscaballos.org\/index.php\/wp-json\/wp\/v2\/categories?post=1858"},{"taxonomy":"post_tag","embeddable":true,"href":"https:\/\/www.doscaballos.org\/index.php\/wp-json\/wp\/v2\/tags?post=1858"}],"curies":[{"name":"wp","href":"https:\/\/api.w.org\/{rel}","templated":true}]}}