{"id":1920,"date":"2013-04-26T06:25:08","date_gmt":"2013-04-26T04:25:08","guid":{"rendered":"http:\/\/www.doscaballos.org\/?p=1920"},"modified":"2014-06-02T23:27:59","modified_gmt":"2014-06-02T21:27:59","slug":"20-concentracion-nacional-francesa-8-al-12-mayo","status":"publish","type":"post","link":"https:\/\/www.doscaballos.org\/index.php\/2013\/04\/26\/20-concentracion-nacional-francesa-8-al-12-mayo\/","title":{"rendered":"20 Concentraci\u00f3n Nacional Francesa. 8 al 12 Mayo."},"content":{"rendered":"<figure id=\"attachment_2186\" aria-describedby=\"caption-attachment-2186\" style=\"width: 506px\" class=\"wp-caption alignnone\"><a href=\"https:\/\/www.doscaballos.org\/wp-content\/uploads\/2013\/04\/france2013.jpg\"><img loading=\"lazy\" decoding=\"async\" class=\"size-full wp-image-2186\" src=\"https:\/\/www.doscaballos.org\/wp-content\/uploads\/2013\/04\/france2013.jpg\" alt=\"2CV Rencontre Nationale 2013 Lavar\u00e9\" width=\"506\" height=\"672\" srcset=\"https:\/\/www.doscaballos.org\/wp-content\/uploads\/2013\/04\/france2013.jpg 506w, https:\/\/www.doscaballos.org\/wp-content\/uploads\/2013\/04\/france2013-225x300.jpg 225w, https:\/\/www.doscaballos.org\/wp-content\/uploads\/2013\/04\/france2013-150x199.jpg 150w, https:\/\/www.doscaballos.org\/wp-content\/uploads\/2013\/04\/france2013-376x500.jpg 376w\" sizes=\"auto, (max-width: 506px) 100vw, 506px\" \/><\/a><figcaption id=\"caption-attachment-2186\" class=\"wp-caption-text\">2CV Rencontre Nationale 2013 Lavar\u00e9<\/figcaption><\/figure>\n<p>Se organiza en la localidad de Lavar\u00e9 (72)<\/p>\n<p><!--more--><\/p>\n<p>&nbsp;<\/p>\n<p>Se celebrar\u00e1 en Lavar\u00e9, que se encuentra a 37 km de Le Mans en el distrito de Mamers, al este del departamento de Sarthe l\u00edmite Perche a 175 km de Par\u00eds ya 13 km de la autopista A11.<\/p>\n<p>&nbsp;<\/p>\n<p>M\u00e1s informaci\u00f3n:<\/p>\n<p>Association Les 2 Pattes Volnaysiennes<\/p>\n<p>Pr\u00e9sident : Mr HATTRY G\u00e9rard<\/p>\n<p>Responsable Pr\u00e9-inscriptions :\u00a0 Mme GUION Annette<\/p>\n<p>Les Jolli\u00e8res &#8211; 72110 BEAUFAY<\/p>\n<p>Web: <a href=\"http:\/\/www.nationale2cv2013-clubdefrance-lavare.fr\/\" target=\"_blank\">http:\/\/www.nationale2cv2013-clubdefrance-lavare.fr\/<\/a><\/p>\n<p><a href=\"https:\/\/plus.google.com\/events\/cf5875prg10jtfpldced8d0nuts\">https:\/\/plus.google.com\/events\/cf5875prg10jtfpldced8d0nuts<\/a><\/p>\n<p>E-mail : <a href=\"mailto:2pattesvolnaysiennes.deuchmil13@orange.fr%20\">2pattesvolnaysiennes.deuchmil13@orange.fr <\/a><\/p>\n<p>&nbsp;<\/p>\n","protected":false},"excerpt":{"rendered":"<p>Se organiza en la localidad de Lavar\u00e9 (72)<\/p>\n","protected":false},"author":1,"featured_media":0,"comment_status":"open","ping_status":"open","sticky":false,"template":"","format":"standard","meta":{"footnotes":""},"categories":[5,6],"tags":[],"class_list":["post-1920","post","type-post","status-publish","format-standard","hentry","category-concentraciones-2cv","category-meeting-2cv"],"_links":{"self":[{"href":"https:\/\/www.doscaballos.org\/index.php\/wp-json\/wp\/v2\/posts\/1920","targetHints":{"allow":["GET"]}}],"collection":[{"href":"https:\/\/www.doscaballos.org\/index.php\/wp-json\/wp\/v2\/posts"}],"about":[{"href":"https:\/\/www.doscaballos.org\/index.php\/wp-json\/wp\/v2\/types\/post"}],"author":[{"embeddable":true,"href":"https:\/\/www.doscaballos.org\/index.php\/wp-json\/wp\/v2\/users\/1"}],"replies":[{"embeddable":true,"href":"https:\/\/www.doscaballos.org\/index.php\/wp-json\/wp\/v2\/comments?post=1920"}],"version-history":[{"count":2,"href":"https:\/\/www.doscaballos.org\/index.php\/wp-json\/wp\/v2\/posts\/1920\/revisions"}],"predecessor-version":[{"id":2187,"href":"https:\/\/www.doscaballos.org\/index.php\/wp-json\/wp\/v2\/posts\/1920\/revisions\/2187"}],"wp:attachment":[{"href":"https:\/\/www.doscaballos.org\/index.php\/wp-json\/wp\/v2\/media?parent=1920"}],"wp:term":[{"taxonomy":"category","embeddable":true,"href":"https:\/\/www.doscaballos.org\/index.php\/wp-json\/wp\/v2\/categories?post=1920"},{"taxonomy":"post_tag","embeddable":true,"href":"https:\/\/www.doscaballos.org\/index.php\/wp-json\/wp\/v2\/tags?post=1920"}],"curies":[{"name":"wp","href":"https:\/\/api.w.org\/{rel}","templated":true}]}}