{"id":197,"date":"2003-03-18T23:41:33","date_gmt":"2003-03-18T21:41:33","guid":{"rendered":"http:\/\/www.doscaballos.org\/?p=197"},"modified":"2003-03-18T23:41:33","modified_gmt":"2003-03-18T21:41:33","slug":"exposicion-historia-del-2cv-alemania","status":"publish","type":"post","link":"https:\/\/www.doscaballos.org\/index.php\/2003\/03\/18\/exposicion-historia-del-2cv-alemania\/","title":{"rendered":"Exposici\u00f3n Historia del 2CV (Alemania)"},"content":{"rendered":"<p>La mayor exposici\u00f3n de 2CV hasta el 31 de marzo en Speyer-Sinsheim&#8230;<\/p>\n<p>  <!--more-->  <\/p>\n<p>Si te ha pillado por sorpresa como a mi, y no vas a tener tiempo de ir, te recomiendo muy vivamente que heches un vistazo a esta p\u00e1gina : <a href=\"http:\/\/bosch.christian.free.fr\/site2cv\/speyer\/speyer.htm\"><span style=\"color: #0000ff; font-family: Verdana; font-size: xx-small;\">Enlace a la web de Christian<\/span><\/a><\/p>\n<p> Se trata de un art\u00edculo extraido de \u00abla page de la deuche\u00bb. <br \/>Esta en riguroso franc\u00e9s, pero s\u00f3lo con ver las fotos se os caer\u00e1 la baba.<\/p>\n<p> <a href=\"http:\/\/www.technik-museum.de\"><span style=\"color: #0000ff; font-family: Verdana; font-size: xx-small;\">Fotos extraidas de la Web del Museo<\/span><\/a><\/p>\n<p> <img decoding=\"async\" src=\"http:\/\/www.technik-museum.de\/ente\/bilder\/4713.jpg\" alt=\"fotos\" align=\"left\" hspace=\"5\" \/> <img decoding=\"async\" src=\"http:\/\/www.technik-museum.de\/ente\/bilder\/flug-ente.jpg\" alt=\"fotos\" align=\"left\" hspace=\"5\" \/><\/p>\n<p> <img decoding=\"async\" src=\"http:\/\/www.technik-museum.de\/ente\/bilder\/4719.jpg\" alt=\"fotos\" align=\"left\" hspace=\"5\" \/> <img decoding=\"async\" src=\"http:\/\/www.technik-museum.de\/ente\/bilder\/campingente.jpg\" alt=\"fotos\" align=\"left\" hspace=\"5\" \/><\/p>\n","protected":false},"excerpt":{"rendered":"<p>La mayor exposici\u00f3n de 2CV hasta el 31 de marzo en Speyer-Sinsheim&#8230;<\/p>\n","protected":false},"author":1,"featured_media":0,"comment_status":"open","ping_status":"open","sticky":false,"template":"","format":"standard","meta":{"footnotes":""},"categories":[5],"tags":[],"class_list":["post-197","post","type-post","status-publish","format-standard","hentry","category-concentraciones-2cv"],"_links":{"self":[{"href":"https:\/\/www.doscaballos.org\/index.php\/wp-json\/wp\/v2\/posts\/197","targetHints":{"allow":["GET"]}}],"collection":[{"href":"https:\/\/www.doscaballos.org\/index.php\/wp-json\/wp\/v2\/posts"}],"about":[{"href":"https:\/\/www.doscaballos.org\/index.php\/wp-json\/wp\/v2\/types\/post"}],"author":[{"embeddable":true,"href":"https:\/\/www.doscaballos.org\/index.php\/wp-json\/wp\/v2\/users\/1"}],"replies":[{"embeddable":true,"href":"https:\/\/www.doscaballos.org\/index.php\/wp-json\/wp\/v2\/comments?post=197"}],"version-history":[{"count":0,"href":"https:\/\/www.doscaballos.org\/index.php\/wp-json\/wp\/v2\/posts\/197\/revisions"}],"wp:attachment":[{"href":"https:\/\/www.doscaballos.org\/index.php\/wp-json\/wp\/v2\/media?parent=197"}],"wp:term":[{"taxonomy":"category","embeddable":true,"href":"https:\/\/www.doscaballos.org\/index.php\/wp-json\/wp\/v2\/categories?post=197"},{"taxonomy":"post_tag","embeddable":true,"href":"https:\/\/www.doscaballos.org\/index.php\/wp-json\/wp\/v2\/tags?post=197"}],"curies":[{"name":"wp","href":"https:\/\/api.w.org\/{rel}","templated":true}]}}