{"id":289,"date":"2003-05-02T09:48:34","date_gmt":"2003-05-02T07:48:34","guid":{"rendered":"http:\/\/www.doscaballos.org\/?p=289"},"modified":"2003-05-02T09:48:34","modified_gmt":"2003-05-02T07:48:34","slug":"i-feria-auto-retro-region-de-murcia","status":"publish","type":"post","link":"https:\/\/www.doscaballos.org\/index.php\/2003\/05\/02\/i-feria-auto-retro-region-de-murcia\/","title":{"rendered":"I FERIA, AUTO-RETRO REGION DE MURCIA"},"content":{"rendered":"<p>Organizado por el Club Ruta del Sol, se celebrar\u00e1 los d\u00edas 16,17 y 18 de mayo en el Cuartel de Artilleria, de Murcia C\/Cartagena (frente a la tienda de Benjam\u00edn) &#8230;<\/p>\n<p>  <!--more-->  <\/p>\n<p>I FERIA AUTO-RETRO REGI\u00d3N DE MURCIA <br \/> El Club Ruta del Sol con la colaboraci\u00f3n del Ayuntamiento de Murcia y la Comunidad Aut\u00f3noma de la Regi\u00f3n de Murcia organiza la 1\u00aa Feria Oficial de cohes antiguos y clasicos.<\/p>\n<p>La Feria tendr\u00e1 lugar en los d\u00edas 16, 17 y 18 de mayo de 2003 en el Cuartel de Artiller\u00eda de Murcia (Calle Cartagena). <\/p>\n<p>Todo aquel que quiera participar como expositor tendr\u00e1 que enviar el <a href=\"http:\/\/www.clubrutadelsol.com\/actividades_archivos\/feria_archivos\/formuferia.doc\">formulario de inscripci\u00f3n<\/a> mediante fax al Club Ruta del Sol, n\u00famero 968 875307 <br \/> La entrada para los asistentes ser\u00e1 gratuita.<\/p>\n<p>La Feria abrir\u00e1 sus puertas a las 16:00 horas del d\u00eda 16 de marzo de 2003 y a las 19:00 horas tendr\u00e1 lugar un vino de honor para inaurgurar el acontecimiento.<\/p>\n<p> Mapa de acceso, <a href=\"http:\/\/www.clubrutadelsol.com\/noticia.htm\" target=\"_blank\">pincha aqu\u00ed.<\/a><\/p>\n<p>Para cualquier pregunta dirijans\u00e9 a:<\/p>\n<p>Club Ruta del Sol<br \/> Curva del Valenciano, 8.C.P.: 30158. Los Garres (Murcia)<br \/> Telf.: 968824204 Fax.: 968875307<br \/> e-mail: <a href=\"mailto:autoretro@clubrutadelsol.com\">autoretro@clubrutadelsol.com<\/a> Web: <a href=\"http:\/\/www.clubrutadelsol.com%20\">www.clubrutadelsol.com <\/a><br \/> Coordinador y director de la feria: Joaquin Ros. Telf: 678655948<\/p>\n<p><img decoding=\"async\" src=\"http:\/\/www.clubrutadelsol.com\/mercadillo_archivos\/escudo%20club.jpg\" alt=\"\" \/><\/p>\n","protected":false},"excerpt":{"rendered":"<p>Organizado por el Club Ruta del Sol, se celebrar\u00e1 los d\u00edas 16,17 y 18 de mayo en el Cuartel de Artilleria, de Murcia C\/Cartagena (frente a la tienda de Benjam\u00edn) &#8230;<\/p>\n","protected":false},"author":1,"featured_media":0,"comment_status":"open","ping_status":"open","sticky":false,"template":"","format":"standard","meta":{"footnotes":""},"categories":[5],"tags":[],"class_list":["post-289","post","type-post","status-publish","format-standard","hentry","category-concentraciones-2cv"],"_links":{"self":[{"href":"https:\/\/www.doscaballos.org\/index.php\/wp-json\/wp\/v2\/posts\/289","targetHints":{"allow":["GET"]}}],"collection":[{"href":"https:\/\/www.doscaballos.org\/index.php\/wp-json\/wp\/v2\/posts"}],"about":[{"href":"https:\/\/www.doscaballos.org\/index.php\/wp-json\/wp\/v2\/types\/post"}],"author":[{"embeddable":true,"href":"https:\/\/www.doscaballos.org\/index.php\/wp-json\/wp\/v2\/users\/1"}],"replies":[{"embeddable":true,"href":"https:\/\/www.doscaballos.org\/index.php\/wp-json\/wp\/v2\/comments?post=289"}],"version-history":[{"count":0,"href":"https:\/\/www.doscaballos.org\/index.php\/wp-json\/wp\/v2\/posts\/289\/revisions"}],"wp:attachment":[{"href":"https:\/\/www.doscaballos.org\/index.php\/wp-json\/wp\/v2\/media?parent=289"}],"wp:term":[{"taxonomy":"category","embeddable":true,"href":"https:\/\/www.doscaballos.org\/index.php\/wp-json\/wp\/v2\/categories?post=289"},{"taxonomy":"post_tag","embeddable":true,"href":"https:\/\/www.doscaballos.org\/index.php\/wp-json\/wp\/v2\/tags?post=289"}],"curies":[{"name":"wp","href":"https:\/\/api.w.org\/{rel}","templated":true}]}}