{"id":315,"date":"2003-06-05T10:54:46","date_gmt":"2003-06-05T08:54:46","guid":{"rendered":"http:\/\/www.doscaballos.org\/?p=315"},"modified":"2003-06-05T10:54:46","modified_gmt":"2003-06-05T08:54:46","slug":"resumen-clasicos-ciudad-de-valladolid-2003","status":"publish","type":"post","link":"https:\/\/www.doscaballos.org\/index.php\/2003\/06\/05\/resumen-clasicos-ciudad-de-valladolid-2003\/","title":{"rendered":"Resumen: Cl\u00e1sicos Ciudad de Valladolid 2003"},"content":{"rendered":"<p>Concentraci\u00f3n exitosa la realizada en Valladolid de coches cl\u00e1sicos con mas de 100 asistentes. (Organizada por los Club de Cl\u00e1sicos los Piratas)<\/p>\n<p>  <!--more-->  <\/p>\n<p><img decoding=\"async\" src=\"http:\/\/www.seiscientos.org\/clubs\/leganes\/concentraciones2003\/iremos\/piratas2003\/imagenes\/thumbnails\/DSC00425_JPG.jpg\" alt=\"\" align=\"left\" \/>El s\u00e1bado por la ma\u00f1ana llegada de veh\u00edculos inscritos, charlas entre estos \u00ablocos\u00bb y salimos dando unas vueltas y a las 14 horas comimos en la localidad de Tudela. L\u00e1stima no poder ver el Castilla debido a la lluvia, pero como compensaci\u00f3n se tomo un vino con unas pastas t\u00edpicas de la zona en el Bar La Sacrist\u00eda de Portillo.<br \/> Por la noche cena y movida en Valladolid por lugares de desenfreno y lujuria. (no se describe la noche porque salimos todos confundidos y el que quiera saberlo pues que participe en la pr\u00f3xima).<\/p>\n<p>El domingo, fue otro cantar, llegaron todos los coches que faltaban y se consigui\u00f3 el bonito n\u00famero de 102 inscritos.<br \/> Dimos unas vueltas por las calles de la ciudad, en concreto el Paseo de Zorrilla, Plaza de Zorrilla, Paseo de Isabel la Cat\u00f3lica, San Pablo, Angustias, Universidad, Plaza Espa\u00f1a, Plaza Mayor y Acera de Recoletos; algunos con unas bocinas raritas, rugidos de caballos y acelerones a destiempo. Desde luego el temor de todos los ni\u00f1os y viejetes que nos venian pasar.<\/p>\n<p>Est\u00e1bamos ya con hambre por lo cual la organizaci\u00f3n nos llev\u00f3 al Hotel San Crist\u00f3bal, comimos como locos, algunos nos sent\u00f3 tan bien que no cenamos el d\u00eda de \u00abautos\u00bb.<\/p>\n<p>Se entregaron los rofeos y todos contentos a casa.<\/p>\n<p>Destacar la participaci\u00f3n de 2CV, el de Paco de Palencia y Madrid.<\/p>\n<p>(Esperamos que envi\u00e9is fotos del tal acontecimiento)<\/p>\n<p><img decoding=\"async\" src=\"http:\/\/us.f1.yahoofs.com\/users\/bb1b460\/bc\/Valladolid2003\/matricula.jpg?bcTLw3.Ah21CgKwI\" alt=\"\" \/><\/p>\n","protected":false},"excerpt":{"rendered":"<p>Concentraci\u00f3n exitosa la realizada en Valladolid de coches cl\u00e1sicos con mas de 100 asistentes. (Organizada por los Club de Cl\u00e1sicos los Piratas)<\/p>\n","protected":false},"author":1,"featured_media":0,"comment_status":"open","ping_status":"open","sticky":false,"template":"","format":"standard","meta":{"footnotes":""},"categories":[5],"tags":[],"class_list":["post-315","post","type-post","status-publish","format-standard","hentry","category-concentraciones-2cv"],"_links":{"self":[{"href":"https:\/\/www.doscaballos.org\/index.php\/wp-json\/wp\/v2\/posts\/315","targetHints":{"allow":["GET"]}}],"collection":[{"href":"https:\/\/www.doscaballos.org\/index.php\/wp-json\/wp\/v2\/posts"}],"about":[{"href":"https:\/\/www.doscaballos.org\/index.php\/wp-json\/wp\/v2\/types\/post"}],"author":[{"embeddable":true,"href":"https:\/\/www.doscaballos.org\/index.php\/wp-json\/wp\/v2\/users\/1"}],"replies":[{"embeddable":true,"href":"https:\/\/www.doscaballos.org\/index.php\/wp-json\/wp\/v2\/comments?post=315"}],"version-history":[{"count":0,"href":"https:\/\/www.doscaballos.org\/index.php\/wp-json\/wp\/v2\/posts\/315\/revisions"}],"wp:attachment":[{"href":"https:\/\/www.doscaballos.org\/index.php\/wp-json\/wp\/v2\/media?parent=315"}],"wp:term":[{"taxonomy":"category","embeddable":true,"href":"https:\/\/www.doscaballos.org\/index.php\/wp-json\/wp\/v2\/categories?post=315"},{"taxonomy":"post_tag","embeddable":true,"href":"https:\/\/www.doscaballos.org\/index.php\/wp-json\/wp\/v2\/tags?post=315"}],"curies":[{"name":"wp","href":"https:\/\/api.w.org\/{rel}","templated":true}]}}