{"id":3671,"date":"2014-05-07T16:34:17","date_gmt":"2014-05-07T15:34:17","guid":{"rendered":"http:\/\/www.doscaballos.org\/?p=3671"},"modified":"2014-06-16T20:48:45","modified_gmt":"2014-06-16T19:48:45","slug":"fotos-gran-nacional-2cv-2014","status":"publish","type":"post","link":"https:\/\/www.doscaballos.org\/index.php\/2014\/05\/07\/fotos-gran-nacional-2cv-2014\/","title":{"rendered":"Fotos: Gran Nacional 2CV 2014"},"content":{"rendered":"<h3 class=\"entry-title\"><a href=\"https:\/\/www.doscaballos.org\/gran-nacional-del-2cv-cadiz-2014-1-al-4-de-mayo\/\" rel=\"bookmark\">GRAN NACIONAL del 2CV. C\u00e1diz 2014.<br \/>\n<\/a>1 al 4 de mayo.<\/h3>\n<p><em><strong>Autora fotos:<\/strong> \u00c1gueda<\/em><\/p>\n<p>[nggallery id=8]<\/p>\n<p><em><strong>Autora fotos:<\/strong> \u00c1gueda<\/em><\/p>\n<p><a href=\"http:\/\/doscaballos.org\/wp-content\/uploads\/2014\/04\/agueda.jpg\"><img loading=\"lazy\" decoding=\"async\" class=\"alignnone size-full wp-image-3669\" src=\"http:\/\/doscaballos.org\/wp-content\/uploads\/2014\/04\/agueda.jpg\" alt=\"agueda\" width=\"80\" height=\"80\" srcset=\"https:\/\/www.doscaballos.org\/wp-content\/uploads\/2014\/04\/agueda.jpg 80w, https:\/\/www.doscaballos.org\/wp-content\/uploads\/2014\/04\/agueda-36x36.jpg 36w\" sizes=\"auto, (max-width: 80px) 100vw, 80px\" \/><\/a><\/p>\n","protected":false},"excerpt":{"rendered":"<p>GRAN NACIONAL del 2CV. C\u00e1diz 2014. 1 al 4 de mayo. Autora fotos: \u00c1gueda [nggallery id=8] Autora fotos: \u00c1gueda<\/p>\n","protected":false},"author":1,"featured_media":2064,"comment_status":"open","ping_status":"open","sticky":false,"template":"","format":"standard","meta":{"footnotes":""},"categories":[5,82],"tags":[],"class_list":["post-3671","post","type-post","status-publish","format-standard","has-post-thumbnail","hentry","category-concentraciones-2cv","category-fotos"],"_links":{"self":[{"href":"https:\/\/www.doscaballos.org\/index.php\/wp-json\/wp\/v2\/posts\/3671","targetHints":{"allow":["GET"]}}],"collection":[{"href":"https:\/\/www.doscaballos.org\/index.php\/wp-json\/wp\/v2\/posts"}],"about":[{"href":"https:\/\/www.doscaballos.org\/index.php\/wp-json\/wp\/v2\/types\/post"}],"author":[{"embeddable":true,"href":"https:\/\/www.doscaballos.org\/index.php\/wp-json\/wp\/v2\/users\/1"}],"replies":[{"embeddable":true,"href":"https:\/\/www.doscaballos.org\/index.php\/wp-json\/wp\/v2\/comments?post=3671"}],"version-history":[{"count":2,"href":"https:\/\/www.doscaballos.org\/index.php\/wp-json\/wp\/v2\/posts\/3671\/revisions"}],"predecessor-version":[{"id":3817,"href":"https:\/\/www.doscaballos.org\/index.php\/wp-json\/wp\/v2\/posts\/3671\/revisions\/3817"}],"wp:featuredmedia":[{"embeddable":true,"href":"https:\/\/www.doscaballos.org\/index.php\/wp-json\/wp\/v2\/media\/2064"}],"wp:attachment":[{"href":"https:\/\/www.doscaballos.org\/index.php\/wp-json\/wp\/v2\/media?parent=3671"}],"wp:term":[{"taxonomy":"category","embeddable":true,"href":"https:\/\/www.doscaballos.org\/index.php\/wp-json\/wp\/v2\/categories?post=3671"},{"taxonomy":"post_tag","embeddable":true,"href":"https:\/\/www.doscaballos.org\/index.php\/wp-json\/wp\/v2\/tags?post=3671"}],"curies":[{"name":"wp","href":"https:\/\/api.w.org\/{rel}","templated":true}]}}