{"id":37,"date":"2002-10-30T11:29:00","date_gmt":"2002-10-30T09:29:00","guid":{"rendered":"http:\/\/www.doscaballos.org\/?p=37"},"modified":"2002-10-30T11:29:00","modified_gmt":"2002-10-30T09:29:00","slug":"resumen-i-concentracion-de-seat-600-y-coches-clasicos-villa-de-canena-jaen","status":"publish","type":"post","link":"https:\/\/www.doscaballos.org\/index.php\/2002\/10\/30\/resumen-i-concentracion-de-seat-600-y-coches-clasicos-villa-de-canena-jaen\/","title":{"rendered":"Resumen: I Concentraci\u00f3n de Seat 600 y coches cl\u00e1sicos . Villa de Canena (Jaen)"},"content":{"rendered":"<p>Celebrado el 20 de octubre.<br \/>Participaron numerosos veh\u00edculos cl\u00e1sicos, aunque principalmente Seat 600, debido a que fue organizado por Amigos del 600 de Canena. (Jaen)<\/p>\n<p>  <!--more-->  <\/p>\n<p>Nuestro amigo Miguel de Jaen estuvo presente con un grupo de caballistas de los clubs de la zona, principalmente andaluces.<\/p>\n<p> Aunque la presentaci\u00f3n de citro\u00ebnes 2CV y derivados no fue numerosa si fue una representaci\u00f3n dentro del grupo de veh\u00edculos cl\u00e1sicos.<\/p>\n<p> <img loading=\"lazy\" decoding=\"async\" class=\" alignleft size-full wp-image-36\" src=\"https:\/\/www.doscaballos.org\/wp-content\/uploads\/2002\/10\/.._fotnoticias_alcaniz_canena.gif\" alt=\"Plano\" width=\"130\" height=\"100\" align=\"left\" hspace=\"5\" width=\"250\" height=\"160\" \/><br \/> En la galer\u00eda de fotos est\u00e1n las fotos que se han recibido sobre este concentraci\u00f3n.<\/p>\n<p> Para aquellos que quieran conocer y localizar esta localidad de Canena pueden visitar la web del municipio.<br \/> http:\/\/www.tumunicipio.com\/jaen\/Canena\/<\/p>\n","protected":false},"excerpt":{"rendered":"<p>Celebrado el 20 de octubre.Participaron numerosos veh\u00edculos cl\u00e1sicos, aunque principalmente Seat 600, debido a que fue organizado por Amigos del 600 de Canena. (Jaen)<\/p>\n","protected":false},"author":1,"featured_media":36,"comment_status":"open","ping_status":"open","sticky":false,"template":"","format":"standard","meta":{"footnotes":""},"categories":[5],"tags":[],"class_list":["post-37","post","type-post","status-publish","format-standard","has-post-thumbnail","hentry","category-concentraciones-2cv"],"_links":{"self":[{"href":"https:\/\/www.doscaballos.org\/index.php\/wp-json\/wp\/v2\/posts\/37","targetHints":{"allow":["GET"]}}],"collection":[{"href":"https:\/\/www.doscaballos.org\/index.php\/wp-json\/wp\/v2\/posts"}],"about":[{"href":"https:\/\/www.doscaballos.org\/index.php\/wp-json\/wp\/v2\/types\/post"}],"author":[{"embeddable":true,"href":"https:\/\/www.doscaballos.org\/index.php\/wp-json\/wp\/v2\/users\/1"}],"replies":[{"embeddable":true,"href":"https:\/\/www.doscaballos.org\/index.php\/wp-json\/wp\/v2\/comments?post=37"}],"version-history":[{"count":0,"href":"https:\/\/www.doscaballos.org\/index.php\/wp-json\/wp\/v2\/posts\/37\/revisions"}],"wp:featuredmedia":[{"embeddable":true,"href":"https:\/\/www.doscaballos.org\/index.php\/wp-json\/wp\/v2\/media\/36"}],"wp:attachment":[{"href":"https:\/\/www.doscaballos.org\/index.php\/wp-json\/wp\/v2\/media?parent=37"}],"wp:term":[{"taxonomy":"category","embeddable":true,"href":"https:\/\/www.doscaballos.org\/index.php\/wp-json\/wp\/v2\/categories?post=37"},{"taxonomy":"post_tag","embeddable":true,"href":"https:\/\/www.doscaballos.org\/index.php\/wp-json\/wp\/v2\/tags?post=37"}],"curies":[{"name":"wp","href":"https:\/\/api.w.org\/{rel}","templated":true}]}}