{"id":392,"date":"2003-09-21T22:20:36","date_gmt":"2003-09-21T20:20:36","guid":{"rendered":"http:\/\/www.doscaballos.org\/?p=392"},"modified":"2003-09-21T22:20:36","modified_gmt":"2003-09-21T20:20:36","slug":"salida-del-club-2cv-de-salamanca-28-09-03","status":"publish","type":"post","link":"https:\/\/www.doscaballos.org\/index.php\/2003\/09\/21\/salida-del-club-2cv-de-salamanca-28-09-03\/","title":{"rendered":"Salida del Club 2CV de Salamanca. 28\/09\/03"},"content":{"rendered":"<p>El domingo d\u00eda 28 tenemos preparada una salida a la zona de la Sierra de Francia.<\/p>\n<p>  <!--more-->  <\/p>\n<p>Despu\u00e9s de la exitosa participaci\u00f3n en la \u00faltima salida de Agosto (superamos los 10 coches) en esta ocasi\u00f3n vamos a dar un paseo a las cabras al lugar ideal para ellas, el campo y la monta\u00f1a. <\/p>\n<p> Saldremos por la ma\u00f1anita, haremos una parada en Tamames (son las fiestas) despu\u00e9s decidiremos si comer en un merendero en el mismo municipio o acercarnos al Cabaco. <\/p>\n<p> &gt;<img decoding=\"async\" src=\"http:\/\/www.salamancarural.com\/imagenes\/francia1.jpg\" alt=\"\" align=\"left\" \/>Despu\u00e9s de una suculenta comida de barbacoa en hermandad (pondremos un fondo de unos euros por coche) -esperemos que esta vez sean las mujeres la que nos preparen el manjar que los hombres ya llevamos dos y ellas no se han estrenado &#8211; iremos a la Pe\u00f1a de Francia, 1700 metros, llegaremos al monasterio y tendremos la oportunidad de ver a esa altura todo el maravilloso paisaje de la sierra salmantina. <\/p>\n<p> Aunque ya varios socios han manifestado que no podr\u00e1n asistir, debido a que el Club de coches antiguos de Salamanca hacen una salida a M\u00e9rida y esta el auto retro de Oviedo, tenemos programada esta salida independientemente del n\u00famero de coches, salvo que las inclemencias del tiempo sean totalmente desfavorables (huracanes, lluvias torrenciales, etc&#8230;) <\/p>\n<p> A esta salida, como en las anteriores, invitamos a todos los cabreros que lo deseen a asistir a esta salida y que si no conocen el sur de Salamanca van a quedar impresionados. (En la anterior salida participaron varios coches de Zamora, Valladolid y Madrid). <\/p>\n<p> Para cualquier informaci\u00f3n pueden dirigirse a Ferm\u00edn (923607510) o Paz (619335188). <\/p>\n<p> NO existen gastos de inscripci\u00f3n, y para el tema de la comida pondremos un fondo en com\u00fan por coche, sin decidir para los gastos de la barbacoa, bebidas.<\/p>\n","protected":false},"excerpt":{"rendered":"<p>El domingo d\u00eda 28 tenemos preparada una salida a la zona de la Sierra de Francia.<\/p>\n","protected":false},"author":1,"featured_media":0,"comment_status":"open","ping_status":"open","sticky":false,"template":"","format":"standard","meta":{"footnotes":""},"categories":[5],"tags":[],"class_list":["post-392","post","type-post","status-publish","format-standard","hentry","category-concentraciones-2cv"],"_links":{"self":[{"href":"https:\/\/www.doscaballos.org\/index.php\/wp-json\/wp\/v2\/posts\/392","targetHints":{"allow":["GET"]}}],"collection":[{"href":"https:\/\/www.doscaballos.org\/index.php\/wp-json\/wp\/v2\/posts"}],"about":[{"href":"https:\/\/www.doscaballos.org\/index.php\/wp-json\/wp\/v2\/types\/post"}],"author":[{"embeddable":true,"href":"https:\/\/www.doscaballos.org\/index.php\/wp-json\/wp\/v2\/users\/1"}],"replies":[{"embeddable":true,"href":"https:\/\/www.doscaballos.org\/index.php\/wp-json\/wp\/v2\/comments?post=392"}],"version-history":[{"count":0,"href":"https:\/\/www.doscaballos.org\/index.php\/wp-json\/wp\/v2\/posts\/392\/revisions"}],"wp:attachment":[{"href":"https:\/\/www.doscaballos.org\/index.php\/wp-json\/wp\/v2\/media?parent=392"}],"wp:term":[{"taxonomy":"category","embeddable":true,"href":"https:\/\/www.doscaballos.org\/index.php\/wp-json\/wp\/v2\/categories?post=392"},{"taxonomy":"post_tag","embeddable":true,"href":"https:\/\/www.doscaballos.org\/index.php\/wp-json\/wp\/v2\/tags?post=392"}],"curies":[{"name":"wp","href":"https:\/\/api.w.org\/{rel}","templated":true}]}}