{"id":4263,"date":"2014-07-10T20:28:23","date_gmt":"2014-07-10T18:28:23","guid":{"rendered":"http:\/\/www.doscaballos.org\/?p=4263"},"modified":"2014-11-05T23:03:04","modified_gmt":"2014-11-05T22:03:04","slug":"salida-por-el-baix-emporda-club-2cv-girona-cabres-boges-19072014","status":"publish","type":"post","link":"https:\/\/www.doscaballos.org\/index.php\/2014\/07\/10\/salida-por-el-baix-emporda-club-2cv-girona-cabres-boges-19072014\/","title":{"rendered":"Salida por el Baix Emporda . Club 2CV Girona \u2013 Cabres Boges. 19\/07\/2014"},"content":{"rendered":"<p style=\"text-align: justify;\">\n<p style=\"text-align: justify;\"><span lang=\"ES-TRAD\">Itinerario en 2CV por el Baix Emporda. <\/span><!--more--><\/p>\n<p style=\"text-align: justify;\">Ya estamos en Julio y se que todos est\u00e1is esperando la pr\u00f3xima salida de las CABRAS BOIXES<\/p>\n<p style=\"text-align: justify;\">Pues bien, ya pod\u00e9is tomar nota de la informaci\u00f3n correspondiente a tal evento que se celebrar\u00e1 el pr\u00f3ximo s\u00e1bado 19 .<\/p>\n<p style=\"text-align: justify;\">En esta ocasi\u00f3n tenemos preparado un itinerario por el baix emporda que esperamos os guste.<\/p>\n<p style=\"text-align: justify;\">El punto de reuni\u00f3n\/salida sera el parking del supermercado bonpreu de llagostera a la 9 de la ma\u00f1ana.<\/p>\n<p style=\"text-align: justify;\">Daremos un margen de 15\/20 minutos para los que vienen de mas lejos.<\/p>\n<p style=\"text-align: justify;\">Motores en marcha y\u00a0 salida en direcci\u00f3n a Romanya de la Selva donde disfrutaremos de la carretera con nuestros bicilindrcos hasta llegar a la cova d\u2019en daina \u00a0<a href=\"http:\/\/www.catalunya.com\/cova-den-daina-17-16003-196\">http:\/\/www.catalunya.com\/cova-den-daina-17-16003-196<\/a> donde realizaremos una parada de 15 minutos para visitarla (venir preparados para hacer fotos).<\/p>\n<p style=\"text-align: justify;\">Continuaremos nuestro viaje hasta llegar al pueblo de Calonge que cruzaremos con permiso de las autoridades por la calle principal para aparcar en su castillo medieval<\/p>\n<p style=\"text-align: justify;\">En La Fusteria nos espera un almuerzo de esos que tanto nos gusta. <a href=\"http:\/\/www.comerciantsdecalonge.com\/ca\/bar-la-fusteria.aspx\">http:\/\/www.comerciantsdecalonge.com\/ca\/bar-la-fusteria.aspx<\/a><\/p>\n<p style=\"text-align: justify;\">Como el restaurante es de car\u00e1cter familiar me han pedido que les facilitara el numero de comensales que asistiremos.<\/p>\n<p style=\"text-align: justify;\">Por tal motivo y en agradecimiento a las personas que decidan apuntarse y lo comunique con antelaci\u00f3n tendremos un detalle sorpresa.<\/p>\n<p style=\"text-align: justify;\">Siempre son bienvenidos los de ultima hora pero as\u00ed tendremos una idea para prepararlo todo mucho mejor.<\/p>\n<p>&nbsp;<\/p>\n<p><strong>\u00a0Plano:<\/strong><\/p>\n<p><iframe loading=\"lazy\" style=\"border: 0;\" src=\"https:\/\/www.google.com\/maps\/embed?pb=!1m35!1m12!1m3!1d190155.87627619086!2d2.988473799999993!3d41.8673538057657!2m3!1f0!2f0!3f0!3m2!1i1024!2i768!4f13.1!4m20!1i0!3e0!4m5!1s0x12bb1cf6b32abaf3%3A0x129175f054c7a513!2sBon-preu+S.a.%2C+Carrer+Garb%C3%AD%2C+17240+Llagostera%2C+Gerona!3m2!1d41.829356999999995!2d2.9026039999999997!4m5!1s0x12bb025af4d43f1f%3A0x9c5b764c5f8f4556!2sRoma%C3%B1%C3%A1+de+la+Selva%2C+Gerona!3m2!1d41.8540327!2d2.9846901!4m5!1s0x12bb003e9bdd0581%3A0x8336f68a97512fd8!2sBar+la+Fuster%C3%ADa%2C+Carrer+Major%2C+23%2C+17251+Calonge%2C+Girona!3m2!1d41.863341999999996!2d3.0742599999999998!5e0!3m2!1ses!2ses!4v1405020354725\" width=\"600\" height=\"450\" frameborder=\"0\"><\/iframe><\/p>\n<p>&nbsp;<\/p>\n<p>&#8212;<br \/>\n<a href=\"https:\/\/www.doscaballos.org\/directorio\/2411\/club-2cv-girona-cabres-boges\/\"><strong>\u00a0CLUB 2CV GIRONA<\/strong><strong><em><br \/>\nCABRES BOGES<\/em><\/strong><\/a><\/p>\n<p><img loading=\"lazy\" decoding=\"async\" class=\"wpbdp-thumbnail attachment-wpbdp-thumb wpbdmthumbs wpbdp-excerpt-thumbnail\" title=\"Club 2CV Girona \u2013 Cabres Boges\" src=\"http:\/\/doscaballos.org\/wp-content\/uploads\/2014\/06\/Club2CVgirona-150x143.jpg\" alt=\"Club 2CV Girona \u2013 Cabres Boges\" width=\"150\" height=\"143\" \/><\/p>\n","protected":false},"excerpt":{"rendered":"<p>Itinerario en 2CV por el Baix Emporda.<\/p>\n","protected":false},"author":1,"featured_media":4267,"comment_status":"open","ping_status":"open","sticky":false,"template":"","format":"standard","meta":{"footnotes":""},"categories":[5],"tags":[],"class_list":["post-4263","post","type-post","status-publish","format-standard","has-post-thumbnail","hentry","category-concentraciones-2cv"],"_links":{"self":[{"href":"https:\/\/www.doscaballos.org\/index.php\/wp-json\/wp\/v2\/posts\/4263","targetHints":{"allow":["GET"]}}],"collection":[{"href":"https:\/\/www.doscaballos.org\/index.php\/wp-json\/wp\/v2\/posts"}],"about":[{"href":"https:\/\/www.doscaballos.org\/index.php\/wp-json\/wp\/v2\/types\/post"}],"author":[{"embeddable":true,"href":"https:\/\/www.doscaballos.org\/index.php\/wp-json\/wp\/v2\/users\/1"}],"replies":[{"embeddable":true,"href":"https:\/\/www.doscaballos.org\/index.php\/wp-json\/wp\/v2\/comments?post=4263"}],"version-history":[{"count":3,"href":"https:\/\/www.doscaballos.org\/index.php\/wp-json\/wp\/v2\/posts\/4263\/revisions"}],"predecessor-version":[{"id":4268,"href":"https:\/\/www.doscaballos.org\/index.php\/wp-json\/wp\/v2\/posts\/4263\/revisions\/4268"}],"wp:featuredmedia":[{"embeddable":true,"href":"https:\/\/www.doscaballos.org\/index.php\/wp-json\/wp\/v2\/media\/4267"}],"wp:attachment":[{"href":"https:\/\/www.doscaballos.org\/index.php\/wp-json\/wp\/v2\/media?parent=4263"}],"wp:term":[{"taxonomy":"category","embeddable":true,"href":"https:\/\/www.doscaballos.org\/index.php\/wp-json\/wp\/v2\/categories?post=4263"},{"taxonomy":"post_tag","embeddable":true,"href":"https:\/\/www.doscaballos.org\/index.php\/wp-json\/wp\/v2\/tags?post=4263"}],"curies":[{"name":"wp","href":"https:\/\/api.w.org\/{rel}","templated":true}]}}