{"id":434,"date":"2003-12-02T13:48:21","date_gmt":"2003-12-02T11:48:21","guid":{"rendered":"http:\/\/www.doscaballos.org\/?p=434"},"modified":"2003-12-02T13:48:21","modified_gmt":"2003-12-02T11:48:21","slug":"auto-retro-en-barcelona","status":"publish","type":"post","link":"https:\/\/www.doscaballos.org\/index.php\/2003\/12\/02\/auto-retro-en-barcelona\/","title":{"rendered":"Auto Retro en Barcelona."},"content":{"rendered":"<p>Se celebrar\u00e1 del 4 a 8 de diciembre.<br \/> El sal\u00f3n m\u00e1s importante en Espa\u00f1a para profesionales y aficionados al veh\u00edculo de colecci\u00f3n&#8230;<\/p>\n<p>  <!--more-->  <\/p>\n<p><img loading=\"lazy\" decoding=\"async\" class=\" size-full wp-image-433\" src=\"https:\/\/www.doscaballos.org\/wp-content\/uploads\/2003\/12\/andrecitroenclub.com_autoretro03.jpg\" alt=\"\" width=\"0\" height=\"0\" \/> <\/p>\n<p> Supermercado del autom\u00f3vil y la motocicleta de colecci\u00f3n. Exposici\u00f3n y compra-venta. <br \/>Las m\u00e1s hermosas piezas reci\u00e9n restauradas y veh\u00edculos m\u00edticos. <br \/>Gran bolsa de piezas y accesorios. Galer\u00eda de Arte y Automob\u00edlia. <br \/>Punto de encuentro de Clubs, Asociaciones, Museos, Rallyes, Concentraciones. <br \/>F\u00f3rum de fabricantes, industriales, importadores y profesionales. <\/p>\n<p> The best Show, an the leader in Spain, for professional and amateur vehicle collectors. The supermarket of collections cars and motorcycles. <br \/>Exhibition and sales. The most attractive fully restored classic and historic cars. <br \/>The largest range of spare parts and accessories. Gallery of Art and automobilia collection items.<br \/> Meeting point for Clubs, Associations, Museums, Rallyes.<br \/> Forum of manufacturers, industrialists, importers, and professionals. <\/p>\n<p> Web oficial: http:\/\/www.autoretro.es\/ <br \/> Auto Retro &#8211; c\/Loreto, 13-15 Esc. A Entlo 1\u00aa &#8211; 08029 Barcelona (Espa\u00f1a).<br \/> Tel:(34)93.410.59.51 &#8211; Fax:(34)93.321.21.34<br \/> E-mail: autoretro@menta.net<\/p>\n","protected":false},"excerpt":{"rendered":"<p>Se celebrar\u00e1 del 4 a 8 de diciembre. El sal\u00f3n m\u00e1s importante en Espa\u00f1a para profesionales y aficionados al veh\u00edculo de colecci\u00f3n&#8230;<\/p>\n","protected":false},"author":1,"featured_media":433,"comment_status":"open","ping_status":"open","sticky":false,"template":"","format":"standard","meta":{"footnotes":""},"categories":[5],"tags":[],"class_list":["post-434","post","type-post","status-publish","format-standard","has-post-thumbnail","hentry","category-concentraciones-2cv"],"_links":{"self":[{"href":"https:\/\/www.doscaballos.org\/index.php\/wp-json\/wp\/v2\/posts\/434","targetHints":{"allow":["GET"]}}],"collection":[{"href":"https:\/\/www.doscaballos.org\/index.php\/wp-json\/wp\/v2\/posts"}],"about":[{"href":"https:\/\/www.doscaballos.org\/index.php\/wp-json\/wp\/v2\/types\/post"}],"author":[{"embeddable":true,"href":"https:\/\/www.doscaballos.org\/index.php\/wp-json\/wp\/v2\/users\/1"}],"replies":[{"embeddable":true,"href":"https:\/\/www.doscaballos.org\/index.php\/wp-json\/wp\/v2\/comments?post=434"}],"version-history":[{"count":0,"href":"https:\/\/www.doscaballos.org\/index.php\/wp-json\/wp\/v2\/posts\/434\/revisions"}],"wp:featuredmedia":[{"embeddable":true,"href":"https:\/\/www.doscaballos.org\/index.php\/wp-json\/wp\/v2\/media\/433"}],"wp:attachment":[{"href":"https:\/\/www.doscaballos.org\/index.php\/wp-json\/wp\/v2\/media?parent=434"}],"wp:term":[{"taxonomy":"category","embeddable":true,"href":"https:\/\/www.doscaballos.org\/index.php\/wp-json\/wp\/v2\/categories?post=434"},{"taxonomy":"post_tag","embeddable":true,"href":"https:\/\/www.doscaballos.org\/index.php\/wp-json\/wp\/v2\/tags?post=434"}],"curies":[{"name":"wp","href":"https:\/\/api.w.org\/{rel}","templated":true}]}}