{"id":468,"date":"2004-01-15T09:44:24","date_gmt":"2004-01-15T07:44:24","guid":{"rendered":"http:\/\/www.doscaballos.org\/?p=468"},"modified":"2004-01-15T09:44:24","modified_gmt":"2004-01-15T07:44:24","slug":"7eme-route-d-or-francia","status":"publish","type":"post","link":"https:\/\/www.doscaballos.org\/index.php\/2004\/01\/15\/7eme-route-d-or-francia\/","title":{"rendered":"7\u00e8me ROUTE d\u2019OR. (Francia)"},"content":{"rendered":"<p>El 2cv Club C\u00f4te d\u2019Azur organiza del 2cv Club C\u00f4te d\u2019Azur, la Route d\u00b4Or para el 21 y 22 de febrero.<\/p>\n<p>  <!--more-->  <\/p>\n<p><img loading=\"lazy\" decoding=\"async\" class=\" size-full wp-image-467\" src=\"https:\/\/www.doscaballos.org\/wp-content\/uploads\/2004\/01\/perso.wanadoo.fr_azur2cv_images_logo_Affiche_rdo_2004.JPG\" alt=\"\" width=\"0\" height=\"0\" \/><\/p>\n<p>Nous sommes les organisateurs d&#8217;une concentration annuelle de 2cv \u00e0 Mouans-Sartoux ou Grasse (06) : <strong><span style=\"color: #ff0000;\">\u00abLA ROUTE D&#8217;OR<\/span><\/strong>&#8216;. Elle est d\u00e9sormais connue et reconnue comme en t\u00e9moigne le nombre de participants chaque ann\u00e9e (environ 200 v\u00e9hicules).<\/p>\n<p>Nous vous pr\u00e9sentons aussi, dans ces pages, toutes les \u00e9ditions avec de nombreuses photos. Concernant la 1\u00e8re \u00e9dition, qui s&#8217;\u00e9tait pass\u00e9 sur une seule journ\u00e9e (tr\u00e8s pluvieuse&#8230;) en 1998, elle avait un caract\u00e8re plus \u00abinterne\u00bb au club avec la pr\u00e9sence de nos amis de Marseille. C&#8217;est donc en 1999 que notre manifestation a commenc\u00e9 \u00e0 \u00eatre r\u00e9ellement connue.<\/p>\n<p>Pourquoi la faire au mois de F\u00e9vrier (ou en Mars pour 2001) ? Cette question nous revient souvent. Mais nous avons la chance de vivre dans une r\u00e9gion tr\u00e8s ensoleill\u00e9e, et la Route d&#8217;Or fait r\u00e9f\u00e9rence \u00e0 la mont\u00e9e du col du Tanneron au milieu du mimosa, arbre ne fleurissant qu&#8217;en hiver. et puis, il faut avouer que bon nombre de concentrations ont lieu \u00e0 partir du mois d&#8217;avril. Nous sommes donc une des rares \u00absorties\u00bb propos\u00e9es pendant cette p\u00e9riode. Personne ne s&#8217;en est plaint, au contraire&#8230;<\/p>\n<p> 2cv Club C\u00f4te d\u2019Azur c\/o Thierry Bravet<br \/> 6 domaine de Carel<br \/> 06810 AURIBEAU\/SIAGNE<\/p>\n","protected":false},"excerpt":{"rendered":"<p>El 2cv Club C\u00f4te d\u2019Azur organiza del 2cv Club C\u00f4te d\u2019Azur, la Route d\u00b4Or para el 21 y 22 de febrero.<\/p>\n","protected":false},"author":1,"featured_media":467,"comment_status":"open","ping_status":"open","sticky":false,"template":"","format":"standard","meta":{"footnotes":""},"categories":[5],"tags":[],"class_list":["post-468","post","type-post","status-publish","format-standard","has-post-thumbnail","hentry","category-concentraciones-2cv"],"_links":{"self":[{"href":"https:\/\/www.doscaballos.org\/index.php\/wp-json\/wp\/v2\/posts\/468","targetHints":{"allow":["GET"]}}],"collection":[{"href":"https:\/\/www.doscaballos.org\/index.php\/wp-json\/wp\/v2\/posts"}],"about":[{"href":"https:\/\/www.doscaballos.org\/index.php\/wp-json\/wp\/v2\/types\/post"}],"author":[{"embeddable":true,"href":"https:\/\/www.doscaballos.org\/index.php\/wp-json\/wp\/v2\/users\/1"}],"replies":[{"embeddable":true,"href":"https:\/\/www.doscaballos.org\/index.php\/wp-json\/wp\/v2\/comments?post=468"}],"version-history":[{"count":0,"href":"https:\/\/www.doscaballos.org\/index.php\/wp-json\/wp\/v2\/posts\/468\/revisions"}],"wp:featuredmedia":[{"embeddable":true,"href":"https:\/\/www.doscaballos.org\/index.php\/wp-json\/wp\/v2\/media\/467"}],"wp:attachment":[{"href":"https:\/\/www.doscaballos.org\/index.php\/wp-json\/wp\/v2\/media?parent=468"}],"wp:term":[{"taxonomy":"category","embeddable":true,"href":"https:\/\/www.doscaballos.org\/index.php\/wp-json\/wp\/v2\/categories?post=468"},{"taxonomy":"post_tag","embeddable":true,"href":"https:\/\/www.doscaballos.org\/index.php\/wp-json\/wp\/v2\/tags?post=468"}],"curies":[{"name":"wp","href":"https:\/\/api.w.org\/{rel}","templated":true}]}}