{"id":476,"date":"2004-01-26T17:37:15","date_gmt":"2004-01-26T15:37:15","guid":{"rendered":"http:\/\/www.doscaballos.org\/?p=476"},"modified":"2004-01-26T17:37:15","modified_gmt":"2004-01-26T15:37:15","slug":"la-ix-edicion-del-salon-internacional-del-vehiculo-de-epoca-clasico-y-deportivo","status":"publish","type":"post","link":"https:\/\/www.doscaballos.org\/index.php\/2004\/01\/26\/la-ix-edicion-del-salon-internacional-del-vehiculo-de-epoca-clasico-y-deportivo\/","title":{"rendered":"La IX edici\u00f3n del Sal\u00f3n Internacional del veh\u00edculo de \u00c9poca, Cl\u00e1sico y Deportivo"},"content":{"rendered":"<p>Se celebrar\u00e1 los pr\u00f3ximos d\u00edas 27, 28 y 29 de febrero en el Pabell\u00f3n de Cristal de la Casa de Campo.<\/p>\n<p>  <!--more-->  <\/p>\n<p><img decoding=\"async\" src=\"http:\/\/www.retromovil.es\/retromad04\/cartel_grande.gif\" alt=\"\" \/><\/p>\n<p>La pasada edici\u00f3n se cerr\u00f3 con un balance muy positivo, con m\u00e1s de 60.000 visitantes, cerca de 300 expositores y un gran n\u00famero de piezas de todas las \u00e9pocas y para todos los gustos que hicieron las delicias de todos.<\/p>\n<p>Contaremos con la presencia de los principales profesionales del sector que como cada a\u00f1o ofrecer\u00e1n la m\u00e1s amplia y variada oferta del mercado. .<\/p>\n<p><a href=\"http:\/\/www.retromovil.es\/pdf\/contrato%20retro%202004.pdf\" target=\"_blank\">[Ficha de Inscripci\u00f3n] (PDF) <\/a><\/p>\n<hr \/>\n<p>Retromovil, S.L.<br \/> C\/Claudio Coello, 23 1\u00ba A<br \/> 28001 Madrid <br \/> Tel\u00e9fono: 917 810 739<br \/> Fax: 915 780 949<\/p>\n<p><a href=\"http:\/\/www.retromovil.es\" target=\"_blank\">Web: Retromovil.<\/a><\/p>\n","protected":false},"excerpt":{"rendered":"<p>Se celebrar\u00e1 los pr\u00f3ximos d\u00edas 27, 28 y 29 de febrero en el Pabell\u00f3n de Cristal de la Casa de Campo.<\/p>\n","protected":false},"author":1,"featured_media":0,"comment_status":"open","ping_status":"open","sticky":false,"template":"","format":"standard","meta":{"footnotes":""},"categories":[5],"tags":[],"class_list":["post-476","post","type-post","status-publish","format-standard","hentry","category-concentraciones-2cv"],"_links":{"self":[{"href":"https:\/\/www.doscaballos.org\/index.php\/wp-json\/wp\/v2\/posts\/476","targetHints":{"allow":["GET"]}}],"collection":[{"href":"https:\/\/www.doscaballos.org\/index.php\/wp-json\/wp\/v2\/posts"}],"about":[{"href":"https:\/\/www.doscaballos.org\/index.php\/wp-json\/wp\/v2\/types\/post"}],"author":[{"embeddable":true,"href":"https:\/\/www.doscaballos.org\/index.php\/wp-json\/wp\/v2\/users\/1"}],"replies":[{"embeddable":true,"href":"https:\/\/www.doscaballos.org\/index.php\/wp-json\/wp\/v2\/comments?post=476"}],"version-history":[{"count":0,"href":"https:\/\/www.doscaballos.org\/index.php\/wp-json\/wp\/v2\/posts\/476\/revisions"}],"wp:attachment":[{"href":"https:\/\/www.doscaballos.org\/index.php\/wp-json\/wp\/v2\/media?parent=476"}],"wp:term":[{"taxonomy":"category","embeddable":true,"href":"https:\/\/www.doscaballos.org\/index.php\/wp-json\/wp\/v2\/categories?post=476"},{"taxonomy":"post_tag","embeddable":true,"href":"https:\/\/www.doscaballos.org\/index.php\/wp-json\/wp\/v2\/tags?post=476"}],"curies":[{"name":"wp","href":"https:\/\/api.w.org\/{rel}","templated":true}]}}