{"id":486,"date":"2004-02-03T19:15:59","date_gmt":"2004-02-03T17:15:59","guid":{"rendered":"http:\/\/www.doscaballos.org\/?p=486"},"modified":"2004-02-03T19:15:59","modified_gmt":"2004-02-03T17:15:59","slug":"l-adriatic-2004-2-quincena-de-mayo-2004","status":"publish","type":"post","link":"https:\/\/www.doscaballos.org\/index.php\/2004\/02\/03\/l-adriatic-2004-2-quincena-de-mayo-2004\/","title":{"rendered":"L\u2019Adriatic 2004 . 2\u00aa Quincena de mayo 2004"},"content":{"rendered":"<p>N.O.R.E.V <br \/> Le Raid Evasion en 2CV<\/p>\n<p>  <!--more-->  <\/p>\n<p>Caros amigos,<\/p>\n<p><img loading=\"lazy\" decoding=\"async\" src=\"..\/noticias\/tnPortugal2001.jpg\" alt=\"\" width=\"177\" height=\"273\" align=\"left\" \/>Depois dos Balc\u00e3s, 1998, da L\u00edbia, 2000, e da Turquia, 2002, o pr\u00f3ximo Grand Raid NOREV \u201cL\u2019Aventure en 2CV\u201d (ex-Baroudeurs, designa\u00e7\u00e3o pertencente a um ex-patrocinador) ser\u00e1 ao longo do Adri\u00e1tico, na 2\u00aa quinzena de Maio. Eslov\u00e9nia, Cro\u00e1cia, B\u00f3snia, Montenegro, Alb\u00e2nia e Gr\u00e9cia, ser\u00e3o os pa\u00edses a atravessar, atrav\u00e9s de um percurso cuidadosamente reconhecido, como \u00e9 h\u00e1bito da NOREV.<\/p>\n<p>\u00c9 como membro da assist\u00eancia m\u00e9dica que, uma vez mais, irei participar. O \u201cpendura\u201d, desta vez, ser\u00e1 o M\u00e1rio Fonseca, o mec\u00e2nico do N\u00facleo 2CV de Coimbra, que de h\u00e1 muito ambicionava mostrar aos bret\u00f5es como nisto de assist\u00eancia aos 2CV\u2019s os portugueses tamb\u00e9m t\u00eam que ser ouvidos e observados! M\u00e9dico e mec\u00e2nico, uma dupla aparentemente ideal! Esperemos que funcione. \u00c9 que j\u00e1 estou a v\u00ea-lo a trabalhar toda a noite e eu a conduzir todo o dia.<\/p>\n<p>Quanto \u00e0 nossa rapid\u00edssima viatura, \u201cla 11\u201d, j\u00e1 est\u00e1 quase pronta, pouco mais faltando do que rever o motor. Desta vez n\u00e3o ser\u00e1 o meu Mehari, ser\u00e1 a AKS-400 do N\u00facleo, uma vers\u00e3o \u201cbreak\u201d do 2CV mais adaptada \u00e0s necessidade da assist\u00eancia e que tamb\u00e9m precisa de andar!<\/p>\n<p>Embora a partida oficial seja em Noyal sur Vilaine, na Bretanha, a verdadeira primeira concentra\u00e7\u00e3o ser\u00e1 nos Alpes Mediterr\u00e2nicos, antes da entrada em It\u00e1lia, em direc\u00e7\u00e3o \u00e0 Eslov\u00e9nia.<\/p>\n<p>Para os mais curiosos e interessados, o site da NOREV \u00e9 o seguinte: <a href=\"http:\/\/norev.free.fr%20\" target=\"_blank\">http:\/\/norev.free.fr <\/a><\/p>\n<p>Por hoje, ficamos assim, deixando-vos com algumas imagens. Logo que possa, darei mais not\u00edcias.<\/p>\n<p>Ser\u00e1 que mais algu\u00e9m se atreve a acompanhar-nos?<\/p>\n<p> Carlos Mesquita<\/p>\n<p><img loading=\"lazy\" decoding=\"async\" src=\"..\/noticias\/tnItiner%E1rio.jpg\" alt=\"\" width=\"208\" height=\"141\" \/><\/p>\n<p><img loading=\"lazy\" decoding=\"async\" src=\"..\/noticias\/tnPress%20release%20capa.jpg\" alt=\"\" width=\"208\" height=\"279\" \/><\/p>\n<p><img loading=\"lazy\" decoding=\"async\" src=\"..\/noticias\/tnPress%20release%20contra-capa.jpg\" alt=\"\" width=\"201\" height=\"279\" \/><\/p>\n<p>\u00a0<\/p>\n","protected":false},"excerpt":{"rendered":"<p>N.O.R.E.V Le Raid Evasion en 2CV<\/p>\n","protected":false},"author":1,"featured_media":0,"comment_status":"open","ping_status":"open","sticky":false,"template":"","format":"standard","meta":{"footnotes":""},"categories":[5],"tags":[],"class_list":["post-486","post","type-post","status-publish","format-standard","hentry","category-concentraciones-2cv"],"_links":{"self":[{"href":"https:\/\/www.doscaballos.org\/index.php\/wp-json\/wp\/v2\/posts\/486","targetHints":{"allow":["GET"]}}],"collection":[{"href":"https:\/\/www.doscaballos.org\/index.php\/wp-json\/wp\/v2\/posts"}],"about":[{"href":"https:\/\/www.doscaballos.org\/index.php\/wp-json\/wp\/v2\/types\/post"}],"author":[{"embeddable":true,"href":"https:\/\/www.doscaballos.org\/index.php\/wp-json\/wp\/v2\/users\/1"}],"replies":[{"embeddable":true,"href":"https:\/\/www.doscaballos.org\/index.php\/wp-json\/wp\/v2\/comments?post=486"}],"version-history":[{"count":0,"href":"https:\/\/www.doscaballos.org\/index.php\/wp-json\/wp\/v2\/posts\/486\/revisions"}],"wp:attachment":[{"href":"https:\/\/www.doscaballos.org\/index.php\/wp-json\/wp\/v2\/media?parent=486"}],"wp:term":[{"taxonomy":"category","embeddable":true,"href":"https:\/\/www.doscaballos.org\/index.php\/wp-json\/wp\/v2\/categories?post=486"},{"taxonomy":"post_tag","embeddable":true,"href":"https:\/\/www.doscaballos.org\/index.php\/wp-json\/wp\/v2\/tags?post=486"}],"curies":[{"name":"wp","href":"https:\/\/api.w.org\/{rel}","templated":true}]}}