{"id":53,"date":"2002-11-08T23:18:25","date_gmt":"2002-11-08T21:18:25","guid":{"rendered":"http:\/\/www.doscaballos.org\/?p=53"},"modified":"2002-11-08T23:18:25","modified_gmt":"2002-11-08T21:18:25","slug":"resumen-raide-picos-de-portugal-2002","status":"publish","type":"post","link":"https:\/\/www.doscaballos.org\/index.php\/2002\/11\/08\/resumen-raide-picos-de-portugal-2002\/","title":{"rendered":"Resumen: Raide Picos de Portugal 2002."},"content":{"rendered":"<p>Organizado por el N\u00facleo 2Cv de Coimbra.<br \/> Se incluye resumen (traducido) del bolet\u00edn de Noviembre-2002 del Club.<\/p>\n<p>  <!--more-->  <\/p>\n<p><img loading=\"lazy\" decoding=\"async\" class=\" alignleft size-full wp-image-51\" src=\"https:\/\/www.doscaballos.org\/wp-content\/uploads\/2002\/11\/.._fotnoticias_coimbra_foto2.jpg\" alt=\"Foto de familia\" width=\"130\" height=\"85\" align=\"left\" hspace=\"5\" width=\"200\" height=\"152\" \/> El pasado d\u00eda 1 se realiz\u00f3 la primera etapa (Lousa A\u00e7or) do Raide Picos de Portugal 2002 (A Alusit\u00e2nia, sob o Signo do Escopi\u00e2o\u00bb), y que sirvi\u00f3 para recordar algunas de las carreteras y caminos \u00abno convencionales! de nuestros primeros \u00abeco-raides\u00bb. Despu\u00e9s de un almuerzo fabuloso \u00abrestaurante\u00bb de monta\u00f1a (a Casa do Guarda), a montante da Malhada Cha, terminar\u00edamos en Coimbra, en \u00abVerde Moinho\u00bb como es ya tradicionar comer sobre el signo de escorpi\u00f3n. <\/p>\n<p> <img loading=\"lazy\" decoding=\"async\" class=\" alignright size-full wp-image-52\" src=\"https:\/\/www.doscaballos.org\/wp-content\/uploads\/2002\/11\/.._fotnoticias_coimbra_foto11.jpg\" alt=\"o caldo verde e o leitao!\" width=\"130\" height=\"85\" align=\"right\" hspace=\"5\" width=\"200\" height=\"148\" \/> Despu\u00e9s de muchas ausencias y circunstancias imprevistas, se realiz\u00f3 la segunta etapa (do Bussaco ao Montemuro) y se decidi\u00f3, con acuerdo de todos, aprovechar el S\u00e1bado, d\u00eda 2, para hacer una Asamblea General relativa al a\u00f1o 2001, que tuvo lugar en Porto Coelheiro, Sorue (despu\u00e9s de saborear entre otras cosas, \u00abo caldo verde e o leitao!), teniendo por anfitriones a Ol\u00edvia y Jos\u00e9 Liberal. <\/p>\n<p> Posteriormente se trataron los temas t\u00edpicos como programas para futuros encuentros y renovaci\u00f3n de miembros de la Directiva del club que queda como sigue: <\/p>\n<p> Mesa de Asamblea General:<br \/> Presidente: Jos\u00e9 Luis Gon\u00e7alves (Coimbra)<br \/> Vice-Presidente: Irma Brito (Coimbra)<br \/> 1\u00aa Secretaria: Filomena Cruz (Coimbra)<br \/> 2\u00ba Secretario: Jos\u00e9 Ven\u00e2ncio Valente (Estarreja)<\/p>\n<p> Direcci\u00f3n:<br \/> Presidente: Carlos Mesquita (Coimbra)<br \/> Tesorero: Joaquim Cravo (Coimbra)<br \/> Secretario: Gavino Pedro Silva (Coimbra)<\/p>\n<p> Consejo Fiscal:<br \/> Presidente: Jorge Ribeiro (Coimbra)<br \/> Vice-Presidente: Lu\u00eds Gouveia (Lisboa)<br \/> Vocal: Jos\u00e9 Liberal (Soure).<\/p>\n<p> E-mail de contacto Club: mesquitacarlos@iol.pt<\/p>\n","protected":false},"excerpt":{"rendered":"<p>Organizado por el N\u00facleo 2Cv de Coimbra. Se incluye resumen (traducido) del bolet\u00edn de Noviembre-2002 del Club.<\/p>\n","protected":false},"author":1,"featured_media":51,"comment_status":"open","ping_status":"open","sticky":false,"template":"","format":"standard","meta":{"footnotes":""},"categories":[5],"tags":[],"class_list":["post-53","post","type-post","status-publish","format-standard","has-post-thumbnail","hentry","category-concentraciones-2cv"],"_links":{"self":[{"href":"https:\/\/www.doscaballos.org\/index.php\/wp-json\/wp\/v2\/posts\/53","targetHints":{"allow":["GET"]}}],"collection":[{"href":"https:\/\/www.doscaballos.org\/index.php\/wp-json\/wp\/v2\/posts"}],"about":[{"href":"https:\/\/www.doscaballos.org\/index.php\/wp-json\/wp\/v2\/types\/post"}],"author":[{"embeddable":true,"href":"https:\/\/www.doscaballos.org\/index.php\/wp-json\/wp\/v2\/users\/1"}],"replies":[{"embeddable":true,"href":"https:\/\/www.doscaballos.org\/index.php\/wp-json\/wp\/v2\/comments?post=53"}],"version-history":[{"count":0,"href":"https:\/\/www.doscaballos.org\/index.php\/wp-json\/wp\/v2\/posts\/53\/revisions"}],"wp:featuredmedia":[{"embeddable":true,"href":"https:\/\/www.doscaballos.org\/index.php\/wp-json\/wp\/v2\/media\/51"}],"wp:attachment":[{"href":"https:\/\/www.doscaballos.org\/index.php\/wp-json\/wp\/v2\/media?parent=53"}],"wp:term":[{"taxonomy":"category","embeddable":true,"href":"https:\/\/www.doscaballos.org\/index.php\/wp-json\/wp\/v2\/categories?post=53"},{"taxonomy":"post_tag","embeddable":true,"href":"https:\/\/www.doscaballos.org\/index.php\/wp-json\/wp\/v2\/tags?post=53"}],"curies":[{"name":"wp","href":"https:\/\/api.w.org\/{rel}","templated":true}]}}