{"id":6542,"date":"2015-02-11T09:40:34","date_gmt":"2015-02-11T08:40:34","guid":{"rendered":"http:\/\/www.doscaballos.org\/?p=6542"},"modified":"2015-02-11T09:40:34","modified_gmt":"2015-02-11T08:40:34","slug":"asamblea-general-2015-club-2cv-girona-cabres-boges","status":"publish","type":"post","link":"https:\/\/www.doscaballos.org\/index.php\/2015\/02\/11\/asamblea-general-2015-club-2cv-girona-cabres-boges\/","title":{"rendered":"Asamblea General 2015. Club 2CV Girona \u2013 Cabres Boges"},"content":{"rendered":"<p>Se celebrar\u00e1 el d\u00eda 28 de marzo en <span lang=\"ES-TRAD\"><span style=\"font-size: large;\">Vidreres<\/span><\/span> (Girona).<!--more--><\/p>\n<p>Estimado socio\/a<\/p>\n<p style=\"text-align: justify;\">Por la presente convoco, seg\u00fan lo dispuesto en nuestros Estatutos, la <strong>Asamblea General de Socios<\/strong>. La reuni\u00f3n que<\/p>\n<p style=\"text-align: justify;\">ser\u00e1 de car\u00e1cter ordinario tendr\u00e1 lugar el pr\u00f3ximo <strong>s\u00e1bado 28 de marzo de 2015<\/strong>, a las<strong> 12 horas <\/strong>en primera y \u00fanica<\/p>\n<p style=\"text-align: justify;\">convocatoria, en el <strong>Bar Restaurante<\/strong> <strong>El Portal<\/strong> \u00a0Carrer Costa Brava, 67 Vidreres 17411 GIRONA.<\/p>\n<p style=\"text-align: justify;\">Este a\u00f1o se abre convocatoria para la renovaci\u00f3n de Junta.<\/p>\n<p style=\"text-align: justify;\">\n<p style=\"text-align: justify;\">Por tal motivo los socios interesados en formar parte de la misma, incluyendo a los ya pertenecientes, deber\u00e1n contestar<\/p>\n<p style=\"text-align: justify;\">este correo con sus datos antes del 26 de marzo.<\/p>\n<p style=\"text-align: justify;\">La nueva Junta ser\u00e1 elegida por votaci\u00f3n de los socios asistentes a la Asamblea.<\/p>\n<p style=\"text-align: justify;\">A la espera de poder saludarte personalmente recibe un cordial saludo.<\/p>\n<p style=\"text-align: justify;\">Atentamente.<\/p>\n<p>&nbsp;<\/p>\n<p>Mario Rasal Lanao.<\/p>\n<p>Presidente<\/p>\n<p>&#8212;<\/p>\n<p><strong>\u00a0 \u00a0 \u00a0 \u00a0 \u00a0CLUB 2CV GIRONA<em>\u00a0 \u00a0 \u00a0 \u00a0 \u00a0 CABRES BOGES<\/em><\/strong><\/p>\n<div class=\"field-value wpbdp-field-descripci\u00f3n wpbdp-field-content  \"><span class=\"value\">E-mail: 2cvgirona@gmail.com<br \/>\n<\/span><\/div>\n<div class=\"field-value wpbdp-field-sitioweb wpbdp-field-meta  \"><label>Sitio web:<\/label> <span class=\"value\"><a title=\"http:\/\/2cvgirona.blogspot.com.es\/\" href=\"http:\/\/2cvgirona.blogspot.com.es\/\" target=\"_self\" rel=\"\">http:\/\/2cvgirona.blogspot.com.es\/<\/a><\/span><\/div>\n","protected":false},"excerpt":{"rendered":"<p>Se celebrar\u00e1 el d\u00eda 28 de marzo en Vidreres (Girona).<\/p>\n","protected":false},"author":1,"featured_media":2413,"comment_status":"closed","ping_status":"closed","sticky":false,"template":"","format":"standard","meta":{"footnotes":""},"categories":[4],"tags":[],"class_list":["post-6542","post","type-post","status-publish","format-standard","has-post-thumbnail","hentry","category-noticias"],"_links":{"self":[{"href":"https:\/\/www.doscaballos.org\/index.php\/wp-json\/wp\/v2\/posts\/6542","targetHints":{"allow":["GET"]}}],"collection":[{"href":"https:\/\/www.doscaballos.org\/index.php\/wp-json\/wp\/v2\/posts"}],"about":[{"href":"https:\/\/www.doscaballos.org\/index.php\/wp-json\/wp\/v2\/types\/post"}],"author":[{"embeddable":true,"href":"https:\/\/www.doscaballos.org\/index.php\/wp-json\/wp\/v2\/users\/1"}],"replies":[{"embeddable":true,"href":"https:\/\/www.doscaballos.org\/index.php\/wp-json\/wp\/v2\/comments?post=6542"}],"version-history":[{"count":1,"href":"https:\/\/www.doscaballos.org\/index.php\/wp-json\/wp\/v2\/posts\/6542\/revisions"}],"predecessor-version":[{"id":6543,"href":"https:\/\/www.doscaballos.org\/index.php\/wp-json\/wp\/v2\/posts\/6542\/revisions\/6543"}],"wp:featuredmedia":[{"embeddable":true,"href":"https:\/\/www.doscaballos.org\/index.php\/wp-json\/wp\/v2\/media\/2413"}],"wp:attachment":[{"href":"https:\/\/www.doscaballos.org\/index.php\/wp-json\/wp\/v2\/media?parent=6542"}],"wp:term":[{"taxonomy":"category","embeddable":true,"href":"https:\/\/www.doscaballos.org\/index.php\/wp-json\/wp\/v2\/categories?post=6542"},{"taxonomy":"post_tag","embeddable":true,"href":"https:\/\/www.doscaballos.org\/index.php\/wp-json\/wp\/v2\/tags?post=6542"}],"curies":[{"name":"wp","href":"https:\/\/api.w.org\/{rel}","templated":true}]}}