{"id":6832,"date":"2015-08-28T09:36:16","date_gmt":"2015-08-28T07:36:16","guid":{"rendered":"http:\/\/www.doscaballos.org\/?p=6832"},"modified":"2017-01-27T00:22:48","modified_gmt":"2017-01-26T23:22:48","slug":"el-mehari-del-siglo-xxi-se-filtra-antes-de-tiempo","status":"publish","type":"post","link":"https:\/\/www.doscaballos.org\/index.php\/2015\/08\/28\/el-mehari-del-siglo-xxi-se-filtra-antes-de-tiempo\/","title":{"rendered":"El \u201cMehari\u201d del Siglo XXI se filtra antes de tiempo"},"content":{"rendered":"<p><a href=\"https:\/\/www.doscaballos.org\/wp-content\/uploads\/2015\/08\/citroen-cactus-m.jpg\"><img loading=\"lazy\" decoding=\"async\" class=\"aligncenter size-large wp-image-6833\" src=\"https:\/\/www.doscaballos.org\/wp-content\/uploads\/2015\/08\/citroen-cactus-m-1024x466.jpg\" alt=\"citroen-cactus-m\" width=\"620\" height=\"282\" srcset=\"https:\/\/www.doscaballos.org\/wp-content\/uploads\/2015\/08\/citroen-cactus-m-1024x466.jpg 1024w, https:\/\/www.doscaballos.org\/wp-content\/uploads\/2015\/08\/citroen-cactus-m-300x136.jpg 300w, https:\/\/www.doscaballos.org\/wp-content\/uploads\/2015\/08\/citroen-cactus-m-600x273.jpg 600w, https:\/\/www.doscaballos.org\/wp-content\/uploads\/2015\/08\/citroen-cactus-m-150x68.jpg 150w, https:\/\/www.doscaballos.org\/wp-content\/uploads\/2015\/08\/citroen-cactus-m-500x227.jpg 500w, https:\/\/www.doscaballos.org\/wp-content\/uploads\/2015\/08\/citroen-cactus-m.jpg 1440w\" sizes=\"auto, (max-width: 620px) 100vw, 620px\" \/><\/a><\/p>\n<p>Citro\u00ebn es consciente de que <strong>su reinterpretaci\u00f3n del Mehari no dejar\u00e1 a nadie indiferente<\/strong>. La denominaci\u00f3n oficial de este prototipo ser\u00e1 <strong>Citro\u00ebn Cactus M<\/strong>.<!--more--><\/p>\n<p>Citro\u00ebn habr\u00eda transformado la carrocer\u00eda de cinco puertas del Citro\u00ebn <span class=\"caps\">C4 <\/span>Cactus en una especie de turismo pick-up, con dos puertas, un ex\u00f3tico techo, y una \u201cba\u00f1era\u201d posterior.<\/p>\n<p>En los pr\u00f3ximos d\u00edas saldremos de dudas. Conoceremos finalmente a este prototipo y tal vez sepamos si Citro\u00ebn conserva alguna intenci\u00f3n de llevar a los concesionarios un producto de estas caracter\u00edsticas, basado en este prototipo, o no.<\/p>\n<p>Su presentaci\u00f3n oficial y su <em>premiere<\/em> en el Sal\u00f3n de Frankfurt 2015 de septiembre.<\/p>\n","protected":false},"excerpt":{"rendered":"<p>Citro\u00ebn es consciente de que su reinterpretaci\u00f3n del Mehari no dejar\u00e1 a nadie indiferente. La denominaci\u00f3n oficial de este prototipo ser\u00e1 Citro\u00ebn Cactus M.<\/p>\n","protected":false},"author":1,"featured_media":6833,"comment_status":"closed","ping_status":"closed","sticky":false,"template":"","format":"standard","meta":{"footnotes":""},"categories":[4],"tags":[],"class_list":["post-6832","post","type-post","status-publish","format-standard","has-post-thumbnail","hentry","category-noticias"],"_links":{"self":[{"href":"https:\/\/www.doscaballos.org\/index.php\/wp-json\/wp\/v2\/posts\/6832","targetHints":{"allow":["GET"]}}],"collection":[{"href":"https:\/\/www.doscaballos.org\/index.php\/wp-json\/wp\/v2\/posts"}],"about":[{"href":"https:\/\/www.doscaballos.org\/index.php\/wp-json\/wp\/v2\/types\/post"}],"author":[{"embeddable":true,"href":"https:\/\/www.doscaballos.org\/index.php\/wp-json\/wp\/v2\/users\/1"}],"replies":[{"embeddable":true,"href":"https:\/\/www.doscaballos.org\/index.php\/wp-json\/wp\/v2\/comments?post=6832"}],"version-history":[{"count":2,"href":"https:\/\/www.doscaballos.org\/index.php\/wp-json\/wp\/v2\/posts\/6832\/revisions"}],"predecessor-version":[{"id":6836,"href":"https:\/\/www.doscaballos.org\/index.php\/wp-json\/wp\/v2\/posts\/6832\/revisions\/6836"}],"wp:featuredmedia":[{"embeddable":true,"href":"https:\/\/www.doscaballos.org\/index.php\/wp-json\/wp\/v2\/media\/6833"}],"wp:attachment":[{"href":"https:\/\/www.doscaballos.org\/index.php\/wp-json\/wp\/v2\/media?parent=6832"}],"wp:term":[{"taxonomy":"category","embeddable":true,"href":"https:\/\/www.doscaballos.org\/index.php\/wp-json\/wp\/v2\/categories?post=6832"},{"taxonomy":"post_tag","embeddable":true,"href":"https:\/\/www.doscaballos.org\/index.php\/wp-json\/wp\/v2\/tags?post=6832"}],"curies":[{"name":"wp","href":"https:\/\/api.w.org\/{rel}","templated":true}]}}