{"id":6927,"date":"2015-09-28T18:47:24","date_gmt":"2015-09-28T16:47:24","guid":{"rendered":"http:\/\/www.doscaballos.org\/?p=6927"},"modified":"2015-09-28T18:47:24","modified_gmt":"2015-09-28T16:47:24","slug":"paseo-de-la-vendimia-nelas-viseu-2015-2","status":"publish","type":"post","link":"https:\/\/www.doscaballos.org\/index.php\/2015\/09\/28\/paseo-de-la-vendimia-nelas-viseu-2015-2\/","title":{"rendered":"Paseo de la Vendimia, Nelas (VISEU). 2015"},"content":{"rendered":"<p>Resumen enviado por el forero tomasco de este encuentro de 2CV en Portugal.<!--more-->Este pasado fin de semana hemos disfrutado con nuestros hermanos portugueses de un bonito fin de semana por tierras del Pa\u00eds vecino. Todo un ejemplo de buena convivencia y educaci\u00f3n el que nos brindan nuestros vecinos.<span class=\"Apple-converted-space\">\u00a0<\/span><\/p>\n<p>Desde \u00e9sta p\u00e1gina nos vemos obligados a darles la enhorabuena por el desarrollo del encuentro, por la buena organizaci\u00f3n y por los buenos gestos que tienen siempre con los espa\u00f1oles.<\/p>\n<p>El paseo comenz\u00f3 el s\u00e1bado a mediod\u00eda en el Hotel Nelas Parque, donde dimos cuenta tanto para comer como para cenar de la buena cocina portuguesa, como no, bacalao incluido (Bacalhau). El s\u00e1bado por la tarde estuvimos viendo una bodega &#8211; cooperativa vin\u00edcola muy cerca de Mangualde, llamada Quinta dos Carvalhais. All\u00ed nos explicaron la elaboraci\u00f3n de sus vinos recogidos en la Denominaci\u00f3n DAO, y como no pod\u00eda ser de otra forma, nos dieron a probar sus caldos.<span class=\"Apple-converted-space\">\u00a0<\/span><br \/>\nPodeis ver la informaci\u00f3n de la bodega, etc aqu\u00ed:<span class=\"Apple-converted-space\">\u00a0<\/span><a class=\"postlink\" href=\"http:\/\/www.sograpevinhos.com\/regioes\/D%C3%A3o\/locais\/Quinta%20dos%20Carvalhais\">http:\/\/www.sograpevinhos.com\/regioes\/D% &#8230; Carvalhais<\/a><\/p>\n<p>M\u00e1s tarde acudimos a una fiesta medieval con mercadillo de puestos incluidos en un pueblecito llamado Canas de Senhorim:<span class=\"Apple-converted-space\">\u00a0<\/span><br \/>\n<a class=\"postlink\" href=\"http:\/\/www.cm-nelas.pt\/index.php\/87-noticias\/1180-viagem-medieval-em-canas-de-senhorim-nos-dias-26-e-27-de-setembro\">http:\/\/www.cm-nelas.pt\/index.php\/87-not &#8230; e-setembro<\/a>)<\/p>\n<p>Por la noche la protagonista fue la m\u00fasica, una vez m\u00e1s interpretada en instrumentos y voces por los propios miembros del club Bicavalaria do Minho (<a class=\"postlink\" href=\"http:\/\/www.bicavalariadominho.com\/\">http:\/\/www.bicavalariadominho.com\/<\/a>).<\/p>\n<p>Ayer domingo el d\u00eda lo pasamos viendo otra fant\u00e1stica bodega, \u00e9sta enmarcada dentro de un edificio monumental merecedor de una visita, tambi\u00e9n pod\u00e9is ver la informaci\u00f3n del lugar aqu\u00ed:<a class=\"postlink\" href=\"http:\/\/www.pacodesantar.pt\/\">http:\/\/www.pacodesantar.pt<\/a><\/p>\n<p>M\u00e1s tarde fuimos a comer a un sitio magn\u00edfico tambi\u00e9n cerca de Mangualde, concretamente aqu\u00ed:<span class=\"Apple-converted-space\">\u00a0<\/span><a class=\"postlink\" href=\"http:\/\/www.quintadocastelo.pt\/\">http:\/\/www.quintadocastelo.pt<\/a><\/p>\n<p>Como siempre, hemos vuelto a Espa\u00f1a muy satisfechos y contentos de los encuentros 2cv organizados en Portugal. Diversi\u00f3n, muy buena organizaci\u00f3n, comidas excelentes por poco dinero y un alto nivel de educaci\u00f3n y respeto que demuestran nuestros vecinos hacia nosotros.<span class=\"Apple-converted-space\">\u00a0<\/span><\/p>\n<p>&nbsp;<\/p>\n<p>[nggallery id=25]<\/p>\n<p>Enhorabuena a la organizaci\u00f3n y a los participantes.<\/p>\n<p>&nbsp;<\/p>\n<p>&nbsp;<\/p>\n","protected":false},"excerpt":{"rendered":"<p>Resumen enviado por el forero tomasco de este encuentro de 2CV en Portugal.<\/p>\n","protected":false},"author":1,"featured_media":6929,"comment_status":"closed","ping_status":"closed","sticky":false,"template":"","format":"standard","meta":{"footnotes":""},"categories":[5,6,4],"tags":[],"class_list":["post-6927","post","type-post","status-publish","format-standard","has-post-thumbnail","hentry","category-concentraciones-2cv","category-meeting-2cv","category-noticias"],"_links":{"self":[{"href":"https:\/\/www.doscaballos.org\/index.php\/wp-json\/wp\/v2\/posts\/6927","targetHints":{"allow":["GET"]}}],"collection":[{"href":"https:\/\/www.doscaballos.org\/index.php\/wp-json\/wp\/v2\/posts"}],"about":[{"href":"https:\/\/www.doscaballos.org\/index.php\/wp-json\/wp\/v2\/types\/post"}],"author":[{"embeddable":true,"href":"https:\/\/www.doscaballos.org\/index.php\/wp-json\/wp\/v2\/users\/1"}],"replies":[{"embeddable":true,"href":"https:\/\/www.doscaballos.org\/index.php\/wp-json\/wp\/v2\/comments?post=6927"}],"version-history":[{"count":1,"href":"https:\/\/www.doscaballos.org\/index.php\/wp-json\/wp\/v2\/posts\/6927\/revisions"}],"predecessor-version":[{"id":6928,"href":"https:\/\/www.doscaballos.org\/index.php\/wp-json\/wp\/v2\/posts\/6927\/revisions\/6928"}],"wp:featuredmedia":[{"embeddable":true,"href":"https:\/\/www.doscaballos.org\/index.php\/wp-json\/wp\/v2\/media\/6929"}],"wp:attachment":[{"href":"https:\/\/www.doscaballos.org\/index.php\/wp-json\/wp\/v2\/media?parent=6927"}],"wp:term":[{"taxonomy":"category","embeddable":true,"href":"https:\/\/www.doscaballos.org\/index.php\/wp-json\/wp\/v2\/categories?post=6927"},{"taxonomy":"post_tag","embeddable":true,"href":"https:\/\/www.doscaballos.org\/index.php\/wp-json\/wp\/v2\/tags?post=6927"}],"curies":[{"name":"wp","href":"https:\/\/api.w.org\/{rel}","templated":true}]}}