{"id":695,"date":"2004-12-29T09:52:32","date_gmt":"2004-12-29T07:52:32","guid":{"rendered":"http:\/\/www.doscaballos.org\/?p=695"},"modified":"2004-12-29T09:52:32","modified_gmt":"2004-12-29T07:52:32","slug":"ii-cabalgata-de-reyes-magos-en-la-velles-5-01-05","status":"publish","type":"post","link":"https:\/\/www.doscaballos.org\/index.php\/2004\/12\/29\/ii-cabalgata-de-reyes-magos-en-la-velles-5-01-05\/","title":{"rendered":"II Cabalgata de Reyes Magos en la Vell\u00e9s. 5\/01\/05"},"content":{"rendered":"<p>El Club 2CV de Salamanca vuelve a realizar una cabalgata de Reyes Magos en 2CV y de coches cl\u00e1sicos, en la Vell\u00e9s (Salamanca)<\/p>\n<p>  <!--more-->  <\/p>\n<p>El acto consistir\u00e1 en formar una caravana que previamente se habr\u00e1 preparado en un lugar pr\u00f3ximo al municipio, donde nos encontraremos y formaremos la comitiva REAL para que lleguemos todos juntos al pueblo donde nos estar\u00e1n esperando, y donde se realizar\u00e1 previamente una acto de entrega de juguetes por parte de S.S.M.M. a los ni\u00f1os del municipio dentro de la Iglesia, posteriormente la Cabalgata discurrir\u00e1 por las calles del municipio para terminar con un aperitivo que nos ofrecer\u00e1 el Ayuntamiento de la Vell\u00e9s para que S.S.M.M y sus acompa\u00f1antes recuperen fuerzas antes de continuar hasta Salamanca capital, donde sorprenderemos a los viandantes con nuestra peculiar cabalgata de forma totalmente improvisada y err\u00e1tica (el a\u00f1o pasado acabamos emborrachando a S.S.M.M. en los bares de copas de Salamanca).<\/p>\n<p>Por tanto debemos de formar <strong>dos grupos<\/strong> de veh\u00edculos previos al evento.<\/p>\n<p><strong>Un primer grupo o COMITIVA REAL <\/strong>que ser\u00e1n coches engalanados y con todos los regalos de los ni\u00f1os (pretendemos decorar los coches con cajas decoradas figurando regalos&#8230;&#8230;) que deber\u00e1n disponer de al menos una hora y media antes de comenzar el evento (a eso de las 18,30 h), y que deber\u00e1n ponerse en contacto conmigo para organizarlo todo en el 630-017156 para manifestar su disposici\u00f3n antes del dia 31 de Diciembre.<\/p>\n<p><strong>Y un segundo grupo que formar\u00e1 la COMITIVA ACOMPA\u00d1ANTE<\/strong>, los cuales quedar\u00e1n en la explanada de las taquillas de la plaza de Toros de la Salamanca a las 19.30, desde donde saldr\u00e1n juntos para reunirse con la comitiva real en las afueras del municipio de la Vell\u00e9s para entrar en el municipio todos juntos ( ya concretaremos el sitio)<\/p>\n<p>\u00a0<\/p>\n<p>\u00a0<\/p>\n<p> Fotos del a\u00f1o pasado: <img decoding=\"async\" src=\"http:\/\/www.2cvsalamanca.com\/modules\/coppermine\/albums\/reyes2004\/thumb_040105221541_891.JPG\" alt=\"\" align=\"left\" \/> <img decoding=\"async\" src=\"http:\/\/www.2cvsalamanca.com\/modules\/coppermine\/albums\/reyes2004\/thumb_040105221554_893.JPG\" alt=\"\" align=\"left\" \/><\/p>\n<p> <a href=\"http:\/\/www.2cvsalamanca.com\/club\/modules.php?name=coppermine&amp;file=thumbnails&amp;album=16\">Pincha aqu\u00ed para ver las fotos del a\u00f1o pasado<\/a><\/p>\n<p>\u00a0<\/p>\n<p>Nota: informaci\u00f3n procedende de la Web del Club 2CV de Salamanca.<\/p>\n","protected":false},"excerpt":{"rendered":"<p>El Club 2CV de Salamanca vuelve a realizar una cabalgata de Reyes Magos en 2CV y de coches cl\u00e1sicos, en la Vell\u00e9s (Salamanca)<\/p>\n","protected":false},"author":1,"featured_media":0,"comment_status":"open","ping_status":"open","sticky":false,"template":"","format":"standard","meta":{"footnotes":""},"categories":[5],"tags":[],"class_list":["post-695","post","type-post","status-publish","format-standard","hentry","category-concentraciones-2cv"],"_links":{"self":[{"href":"https:\/\/www.doscaballos.org\/index.php\/wp-json\/wp\/v2\/posts\/695","targetHints":{"allow":["GET"]}}],"collection":[{"href":"https:\/\/www.doscaballos.org\/index.php\/wp-json\/wp\/v2\/posts"}],"about":[{"href":"https:\/\/www.doscaballos.org\/index.php\/wp-json\/wp\/v2\/types\/post"}],"author":[{"embeddable":true,"href":"https:\/\/www.doscaballos.org\/index.php\/wp-json\/wp\/v2\/users\/1"}],"replies":[{"embeddable":true,"href":"https:\/\/www.doscaballos.org\/index.php\/wp-json\/wp\/v2\/comments?post=695"}],"version-history":[{"count":0,"href":"https:\/\/www.doscaballos.org\/index.php\/wp-json\/wp\/v2\/posts\/695\/revisions"}],"wp:attachment":[{"href":"https:\/\/www.doscaballos.org\/index.php\/wp-json\/wp\/v2\/media?parent=695"}],"wp:term":[{"taxonomy":"category","embeddable":true,"href":"https:\/\/www.doscaballos.org\/index.php\/wp-json\/wp\/v2\/categories?post=695"},{"taxonomy":"post_tag","embeddable":true,"href":"https:\/\/www.doscaballos.org\/index.php\/wp-json\/wp\/v2\/tags?post=695"}],"curies":[{"name":"wp","href":"https:\/\/api.w.org\/{rel}","templated":true}]}}