{"id":7343,"date":"2015-10-13T18:54:46","date_gmt":"2015-10-13T16:54:46","guid":{"rendered":"http:\/\/www.doscaballos.org\/?p=7343"},"modified":"2015-10-13T18:58:59","modified_gmt":"2015-10-13T16:58:59","slug":"iv-foro-exposicion-el-vehiculo-historico-una-oportunidad-de-futuro","status":"publish","type":"post","link":"https:\/\/www.doscaballos.org\/index.php\/2015\/10\/13\/iv-foro-exposicion-el-vehiculo-historico-una-oportunidad-de-futuro\/","title":{"rendered":"IV Foro Exposici\u00f3n \u00abEl Veh\u00edculo Hist\u00f3rico: Una oportunidad de Futuro\u00bb"},"content":{"rendered":"<p><a href=\"https:\/\/www.doscaballos.org\/wp-content\/uploads\/2015\/10\/usine_citroen.jpg\"><img loading=\"lazy\" decoding=\"async\" class=\"aligncenter size-full wp-image-7344\" src=\"https:\/\/www.doscaballos.org\/wp-content\/uploads\/2015\/10\/usine_citroen.jpg\" alt=\"usine_citroen\" width=\"500\" height=\"701\" srcset=\"https:\/\/www.doscaballos.org\/wp-content\/uploads\/2015\/10\/usine_citroen.jpg 500w, https:\/\/www.doscaballos.org\/wp-content\/uploads\/2015\/10\/usine_citroen-214x300.jpg 214w, https:\/\/www.doscaballos.org\/wp-content\/uploads\/2015\/10\/usine_citroen-150x210.jpg 150w, https:\/\/www.doscaballos.org\/wp-content\/uploads\/2015\/10\/usine_citroen-357x500.jpg 357w\" sizes=\"auto, (max-width: 500px) 100vw, 500px\" \/><\/a><\/p>\n<p>Viernes 6 de noviembre de 2015, Centro de Soluciones Empresariales de Arroyo de la Encomienda (Valladolid)<!--more--><\/p>\n<div class=\"izdaTexto\"><img decoding=\"async\" src=\"http:\/\/doscaballos.org\/wp-content\/uploads\/2015\/10\/Exposicion Foro_6.png\" alt=\"\" \/><\/div>\n<p style=\"text-align: justify;\">Bajo el nombre de \u201cEl veh\u00edculo Hist\u00f3rico: Una oportunidad de Futuro\u201d, la Junta de Castilla y Le\u00f3n viene celebrando, en su Centro de Soluciones Empresariales de Arroyo de la Encomienda, un foro-exposici\u00f3n en el que el veh\u00edculo hist\u00f3rico y la actividad econ\u00f3mica que entorno a \u00e9l se genera son los protagonistas de estas jornadas.<\/p>\n<p style=\"text-align: justify;\">Con la celebraci\u00f3n de este foro, la Administraci\u00f3n Auton\u00f3mica de Castilla y Le\u00f3n quiere impulsar la actividad econ\u00f3mica, que en torno a los veh\u00edculos hist\u00f3ricos se desarrolla en lo que se refiere a su restauraci\u00f3n, uso y conservaci\u00f3n, impulsando la implantaci\u00f3n de empresas que realizan un trabajo especializado, en algunos casos de tipo artesanal, con un gran valor a\u00f1adido y elevadas dosis de creatividad y satisfacci\u00f3n para quienes lo realizan, generando un impacto econ\u00f3mico en la regi\u00f3n que, seg\u00fan nuestras estimaciones, supera los 1,5 millones de euros al a\u00f1o. Tambi\u00e9n se aprovecha la ocasi\u00f3n para rendir homenaje a alguna de las personas, marcas o modelos m\u00e1s relevantes en el mundo de la historia de la automoci\u00f3n.<\/p>\n<p>Durante la celebraci\u00f3n de la IV edici\u00f3n de este foro y de acuerdo con el lema que hemos elegido para esta jornada, \u201c<strong>Personas, historias y m\u00e1quinas<\/strong>\u201d, queremos recordar a la persona de <strong>Francisco Riberas Pampliega<\/strong>,\u00a0 figura de referente \u00fanico e irrepetible de la industria, que vivi\u00f3 por y para un proyecto industrial, hoy consolidado como uno de los grandes l\u00edderes europeos m\u00e1s relevantes de la automoci\u00f3n y la transformaci\u00f3n del metal bajo el nombre de GESTAMP. La conferencia-homenaje del escritor Juan de Lillo, nos transportar\u00e1 a la historia de este empresario emprendedor y nos ayudar\u00e1 a mantener vivo su recuerdo.<\/p>\n<p>Este 2015 se cumplen 25 a\u00f1os del cese de la producci\u00f3n del <strong>Citro\u00ebn 2 CV<\/strong>, 25 a\u00f1os a los que se unen muchos m\u00e1s, ya que concretamente un d\u00eda de octubre, pero de 1948, fue presentado en el sal\u00f3n del autom\u00f3vil de Par\u00eds.\u00a0 La austeridad llevada al m\u00e1ximo fue la clave del \u00e9xito de esta m\u00e1quina, en la que su sencillez, dureza y fiabilidad, le hicieron compa\u00f1ero de aventuras, como dar m\u00e1s de una vuelta al mundo o protagonizar innumerables pel\u00edculas, que hacen de este mito, un aut\u00e9ntico \u201cesp\u00edritu de vida\u201d.\u00a0 Nuestra exposici\u00f3n y alguna de las ponencias y actos programados estar\u00e1n dedicados a la historia de este modelo y a la de sus derivados.<\/p>\n<p>La organizaci\u00f3n de este foro cuenta con el patrocinio y la colaboraci\u00f3n de fabricantes de veh\u00edculos, de los laboratorios Oficiales de Catalogaci\u00f3n acreditados en nuestra Comunidad Aut\u00f3noma as\u00ed como el de importantes empresas de los sectores de log\u00edstica en el transporte, automoci\u00f3n y prensa.<\/p>\n<p style=\"text-align: justify;\">PROGRAMA<\/p>\n<p style=\"text-align: justify;\">09:30 h Recepci\u00f3n de Asistentes. Visita Exposici\u00f3n V.H.<\/p>\n<p style=\"text-align: justify;\">10:00 h Presentaci\u00f3n de la jornada. Excma. Sr\u00aa. D\u00aa. Mar\u00eda Pilar del Olmo. Consejera de Econom\u00eda y Hacienda de la Junta de Castilla y Le\u00f3n.<\/p>\n<p style=\"text-align: justify;\">10:15 h Conferencia Homenaje a D. Francisco Riberas Pampliega, fundador de GESTAMP. D. Juan de Lillo. Escritor y autor del libro \u201cFrancisco Riberas contra su destino\u201d.<\/p>\n<p style=\"text-align: justify;\">10:45 h Citro\u00ebn 2CV, 1990-2015, 25 a\u00f1os de un mito y&#8230;, mucho mas. D. Luis Porro. Director de Comunicaci\u00f3n y Relaciones Institucionales de Citro\u00ebn Espa\u00f1a.<\/p>\n<p style=\"text-align: justify;\">11:15 h Mesa redonda. El Veh\u00edculo Hist\u00f3rico como actividad generadora de empresa. D. Ram\u00f3n Valladolid Sanz. Especialista en reparaci\u00f3n de Citro\u00ebn. D. Pablo Velasco. Presidente de AMAZON SPORT y Organizador del HISTORIC ENDURANCE. D. Tom\u00e1s Alonso Nozal. Cassiccars Gallery y promotor de la Ciudad de los Cl\u00e1sicos en Valladolid. D. Fernando Hern\u00e1ndez Gonz\u00e1lez. Cl\u00e1sicos Hern\u00e1ndez en Segovia. Modera: Jes\u00fas Bonilla, periodista y Director de la Revista \u201cMotor Cl\u00e1sico\u201d<\/p>\n<p style=\"text-align: justify;\">12.00 h Pausa \/ Caf\u00e9. Visita Exposici\u00f3n de Veh. Hist\u00f3ricos. 12:30 h Mesa Redonda. Historias y an\u00e9cdotas de nuestros talleres.<\/p>\n<p style=\"text-align: justify;\">D. Julio D\u00edez Dom\u00ednguez. Talleres Villanubla (VA).<\/p>\n<p style=\"text-align: justify;\">D. Ram\u00f3n de Villaseco de los Gamitos. Restauraci\u00f3n de un AMI.<\/p>\n<p style=\"text-align: justify;\">D. Virgilio Collantes. Talleres Collantes y r\u00e9cord mundial 30 personas sobre una Vespa.<\/p>\n<p style=\"text-align: justify;\">D. Marcial Carri\u00f3n. Empresa Carri\u00f3n, concesionario Citro\u00ebn en Valladolid desde 1919.<\/p>\n<p style=\"text-align: justify;\">D. Ferm\u00edn Tost\u00f3n. Rectificados Tost\u00f3n ZAMORABENAVENTE.<\/p>\n<p style=\"text-align: justify;\">Modera: Santiago Garnica, periodista y responsable de la Secci\u00f3n de Motor del \u201cNorte de Castilla\u201d<\/p>\n<p style=\"text-align: justify;\">13:15 h Competici\u00f3n Pop Cross en 2cv, \u201cla leyenda continua\u201d. D. Jos\u00e9 Luis \u00c1lvarez Ruiz \u201cPep\u00edn\u201d. Campe\u00f3n de Espa\u00f1a Pop Cross 2 cv.<\/p>\n<p style=\"text-align: justify;\">14:15 h Vuelta a Espa\u00f1a en 2 CV. Acto de entrega del testigo de la etapa Palencia-Valladolid<\/p>\n<p style=\"text-align: justify;\">14:30 h Coloquio, ruegos y preguntas de los asistentes. Clausura de la Jornada. D. Carlos Mart\u00edn Tobalina. Ilmo. Sr. Viceconsejero de Econom\u00eda y Competitividad de la Junta de Castilla y Le\u00f3n.<\/p>\n<ul>\n<li><a title=\"Descarga del documento tipo PDF. Tr\u00edptico. El Veh\u00edculo Hist\u00f3rico: Una oportunidad de futuro(1185 kbytes). Abre una nueva ventana\" href=\"http:\/\/www.economia.jcyl.es\/web\/jcyl\/binarios\/975\/280\/TRIPTICO.pdf?blobheader=application%2Fpdf%3Bcharset%3DUTF-8&amp;blobheadername1=Cache-Control&amp;blobheadername2=Expires&amp;blobheadername3=Site&amp;blobheadervalue1=no-store%2Cno-cache%2Cmust-revalidate&amp;blobheadervalue2=0&amp;blobheadervalue3=JCYL_EconomiaEmpleo&amp;blobnocache=true\" target=\"_blank\">\u00a0Tr\u00edptico. El Veh\u00edculo Hist\u00f3rico: Una oportunidad de futuro (1185 kbytes) <img decoding=\"async\" src=\"http:\/\/doscaballos.org\/wp-content\/uploads\/2015\/10\/pdf-2013.gif\" alt=\"Descarga del documento tipoPDF. Abre una nueva ventana\" \/><\/a><\/li>\n<li><a title=\"Descarga del documento tipo DOCX. Formulario de Inscripci\u00f3n(651 kbytes). Abre una nueva ventana\" href=\"http:\/\/www.economia.jcyl.es\/web\/jcyl\/binarios\/861\/580\/FORMULARIO%20DE%20INSCRIPCI%C3%93N%20JORNADA.docx?blobheader=application%2Fvnd.openxmlformats-officedocument.wordprocessingml.document&amp;blobheadername1=Cache-Control&amp;blobheadername2=Expires&amp;blobheadername3=Site&amp;blobheadervalue1=no-store%2Cno-cache%2Cmust-revalidate&amp;blobheadervalue2=0&amp;blobheadervalue3=JCYL_EconomiaEmpleo&amp;blobnocache=true\" target=\"_blank\">\u00a0Formulario de Inscripci\u00f3n (651 kbytes) <img decoding=\"async\" src=\"http:\/\/doscaballos.org\/wp-content\/uploads\/2015\/10\/word-2013.gif\" alt=\"Descarga del documento tipoDOCX. Abre una nueva ventana\" \/><\/a><\/li>\n<li><a title=\"Descarga del documento tipo DOCX. Solicitud de Catalogaci\u00f3n(656 kbytes). Abre una nueva ventana\" href=\"http:\/\/www.economia.jcyl.es\/web\/jcyl\/binarios\/14\/358\/FORMULARIO%20PARA%20CATALOGAR%20V%20H%20%20JUEVES.docx?blobheader=application%2Fvnd.openxmlformats-officedocument.wordprocessingml.document&amp;blobheadername1=Cache-Control&amp;blobheadername2=Expires&amp;blobheadername3=Site&amp;blobheadervalue1=no-store%2Cno-cache%2Cmust-revalidate&amp;blobheadervalue2=0&amp;blobheadervalue3=JCYL_EconomiaEmpleo&amp;blobnocache=true\" target=\"_blank\">\u00a0Solicitud de Catalogaci\u00f3n (656 kbytes) <img decoding=\"async\" src=\"http:\/\/doscaballos.org\/wp-content\/uploads\/2015\/10\/word-2013.gif\" alt=\"Descarga del documento tipoDOCX. Abre una nueva ventana\" \/><\/a><\/li>\n<\/ul>\n","protected":false},"excerpt":{"rendered":"<p>Viernes 6 de noviembre de 2015, Centro de Soluciones Empresariales de Arroyo de la Encomienda (Valladolid)<\/p>\n","protected":false},"author":1,"featured_media":0,"comment_status":"closed","ping_status":"closed","sticky":false,"template":"","format":"standard","meta":{"footnotes":""},"categories":[4,103],"tags":[],"class_list":["post-7343","post","type-post","status-publish","format-standard","hentry","category-noticias","category-salon-expo-clasicos"],"_links":{"self":[{"href":"https:\/\/www.doscaballos.org\/index.php\/wp-json\/wp\/v2\/posts\/7343","targetHints":{"allow":["GET"]}}],"collection":[{"href":"https:\/\/www.doscaballos.org\/index.php\/wp-json\/wp\/v2\/posts"}],"about":[{"href":"https:\/\/www.doscaballos.org\/index.php\/wp-json\/wp\/v2\/types\/post"}],"author":[{"embeddable":true,"href":"https:\/\/www.doscaballos.org\/index.php\/wp-json\/wp\/v2\/users\/1"}],"replies":[{"embeddable":true,"href":"https:\/\/www.doscaballos.org\/index.php\/wp-json\/wp\/v2\/comments?post=7343"}],"version-history":[{"count":2,"href":"https:\/\/www.doscaballos.org\/index.php\/wp-json\/wp\/v2\/posts\/7343\/revisions"}],"predecessor-version":[{"id":7349,"href":"https:\/\/www.doscaballos.org\/index.php\/wp-json\/wp\/v2\/posts\/7343\/revisions\/7349"}],"wp:attachment":[{"href":"https:\/\/www.doscaballos.org\/index.php\/wp-json\/wp\/v2\/media?parent=7343"}],"wp:term":[{"taxonomy":"category","embeddable":true,"href":"https:\/\/www.doscaballos.org\/index.php\/wp-json\/wp\/v2\/categories?post=7343"},{"taxonomy":"post_tag","embeddable":true,"href":"https:\/\/www.doscaballos.org\/index.php\/wp-json\/wp\/v2\/tags?post=7343"}],"curies":[{"name":"wp","href":"https:\/\/api.w.org\/{rel}","templated":true}]}}