{"id":772,"date":"2005-04-19T08:44:16","date_gmt":"2005-04-19T06:44:16","guid":{"rendered":"http:\/\/www.doscaballos.org\/?p=772"},"modified":"2005-04-19T08:44:16","modified_gmt":"2005-04-19T06:44:16","slug":"iv-concentracion-seat-600-y-vehiculos-clasicos-cabra-del-santo-cristo-jaen","status":"publish","type":"post","link":"https:\/\/www.doscaballos.org\/index.php\/2005\/04\/19\/iv-concentracion-seat-600-y-vehiculos-clasicos-cabra-del-santo-cristo-jaen\/","title":{"rendered":"IV CONCENTRACION SEAT 600 Y VEHICULOS CLASICOS CABRA DEL SANTO CRISTO (Ja\u00e9n)"},"content":{"rendered":"<p>Concentraci\u00f3n de vehiculos cl\u00e1sicos organizada por Amigos del Seat 600 y Cl\u00e1sicos.<br \/> 1 demayo de 2005.<\/p>\n<p>  <!--more-->  <\/p>\n<p><img loading=\"lazy\" decoding=\"async\" class=\" size-full wp-image-771\" src=\"https:\/\/www.doscaballos.org\/wp-content\/uploads\/2005\/04\/www.cabradelsantocristo.com_noticias_CartelIVconcentracionweb.JPG\" alt=\"\" width=\"162\" height=\"250\" srcset=\"https:\/\/www.doscaballos.org\/wp-content\/uploads\/2005\/04\/www.cabradelsantocristo.com_noticias_CartelIVconcentracionweb.JPG 162w, https:\/\/www.doscaballos.org\/wp-content\/uploads\/2005\/04\/www.cabradelsantocristo.com_noticias_CartelIVconcentracionweb-150x231.jpg 150w\" sizes=\"auto, (max-width: 162px) 100vw, 162px\" \/><\/p>\n<p>\u00a0<\/p>\n<p>Estimados amigos de los cl\u00e1sicos, un a\u00f1o mas ha llegado nuestra fecha, la fecha de la Concentraci\u00f3n de Cabra del Santo Cristo. Concentraci\u00f3n humilde pero a su vez ambiciosa, que va a celebrar ya su IV Edici\u00f3n.<\/p>\n<p>No resulta sencilla la organizaci\u00f3n de un evento de estas caracter\u00edsticas, por ello, despu\u00e9s de valorar la posibilidad de hacerlo bianual, hemos decidido continuar celebr\u00e1ndola cada a\u00f1o. Al final ha podido el coraz\u00f3n.<\/p>\n<p>Como en anteriores ocasiones, se han establecido unas normas de obligado cumplimiento para la organizaci\u00f3n.<\/p>\n<p>\u00a0<\/p>\n<p><span style=\"color: #0000ff;\"><strong>NORMAS DE INSCRIPCI\u00d3N<\/strong><\/span><\/p>\n<p>&#8211; Se admiten veh\u00edculos cl\u00e1sicos populares o no, de m\u00e1s de 25 a\u00f1os de antig\u00fcedad.<\/p>\n<p>&#8211; Deben tener su documentaci\u00f3n en regla, Seguro, Permiso de Circulaci\u00f3n y Tarjeta de ITV.<\/p>\n<p>&#8211; Es imprescindible ingresar el importe con al menos una semana de antelaci\u00f3n (llamar a 660363033).<\/p>\n<p>&#8211; El precio de la inscripci\u00f3n incluye la comida del conductor.<\/p>\n<p>&#8211; Precios: Comida para adultos 20 \u20ac<\/p>\n<p>Comida ni\u00f1os solo hasta 10 a\u00f1os 15 \u20ac<\/p>\n<p>Inscripci\u00f3n 20 \u20ac<\/p>\n<p>&#8211; Fecha tope de inscripci\u00f3n Viernes 22 de abril.<\/p>\n<p>\u00a0<\/p>\n<p><span style=\"color: #0000ff;\"><strong>HORARIO Y RECORRIDO<\/strong><\/span><\/p>\n<p>\u00a0<\/p>\n<p>9:30 \u2013 10:30 Llegada de veh\u00edculos e inscripci\u00f3n en el Parque Cerd\u00e1 y Rico.<\/p>\n<p>11:00 Visita guiada a la F\u00e1brica de Esparto Garc\u00eda Vilches.<\/p>\n<p>11:30 \u2013 12:00 Paseo con los coches por las calles de la Localidad y visita a la almazara \u201cLa Uni\u00f3n\u201d.<\/p>\n<p>13:00 Paseo por Sierra Magina en nuestros Cl\u00e1sicos para llegar a la comida en el restaurante Diego Fern\u00e1ndez, sobre las<\/p>\n<p>14:00. Despu\u00e9s de la comida se realizar\u00e1 la entrega de trofeos y obsequios a los participantes.<\/p>\n<p>\u00a0<\/p>\n<p>Esperando vuestra asistencia, os saluda atentamente<\/p>\n<p>\u00a0<\/p>\n<p>Javi Berbel ( Miembro de la Organizaci\u00f3n ).<\/p>\n<p>\u00a0<\/p>\n<p>Cuando te inscribas, puedes confirmarlo al 660363033<\/p>\n","protected":false},"excerpt":{"rendered":"<p>Concentraci\u00f3n de vehiculos cl\u00e1sicos organizada por Amigos del Seat 600 y Cl\u00e1sicos. 1 demayo de 2005.<\/p>\n","protected":false},"author":1,"featured_media":771,"comment_status":"open","ping_status":"open","sticky":false,"template":"","format":"standard","meta":{"footnotes":""},"categories":[5],"tags":[],"class_list":["post-772","post","type-post","status-publish","format-standard","has-post-thumbnail","hentry","category-concentraciones-2cv"],"_links":{"self":[{"href":"https:\/\/www.doscaballos.org\/index.php\/wp-json\/wp\/v2\/posts\/772","targetHints":{"allow":["GET"]}}],"collection":[{"href":"https:\/\/www.doscaballos.org\/index.php\/wp-json\/wp\/v2\/posts"}],"about":[{"href":"https:\/\/www.doscaballos.org\/index.php\/wp-json\/wp\/v2\/types\/post"}],"author":[{"embeddable":true,"href":"https:\/\/www.doscaballos.org\/index.php\/wp-json\/wp\/v2\/users\/1"}],"replies":[{"embeddable":true,"href":"https:\/\/www.doscaballos.org\/index.php\/wp-json\/wp\/v2\/comments?post=772"}],"version-history":[{"count":0,"href":"https:\/\/www.doscaballos.org\/index.php\/wp-json\/wp\/v2\/posts\/772\/revisions"}],"wp:featuredmedia":[{"embeddable":true,"href":"https:\/\/www.doscaballos.org\/index.php\/wp-json\/wp\/v2\/media\/771"}],"wp:attachment":[{"href":"https:\/\/www.doscaballos.org\/index.php\/wp-json\/wp\/v2\/media?parent=772"}],"wp:term":[{"taxonomy":"category","embeddable":true,"href":"https:\/\/www.doscaballos.org\/index.php\/wp-json\/wp\/v2\/categories?post=772"},{"taxonomy":"post_tag","embeddable":true,"href":"https:\/\/www.doscaballos.org\/index.php\/wp-json\/wp\/v2\/tags?post=772"}],"curies":[{"name":"wp","href":"https:\/\/api.w.org\/{rel}","templated":true}]}}