{"id":841,"date":"2005-08-14T00:40:35","date_gmt":"2005-08-13T22:40:35","guid":{"rendered":"http:\/\/www.doscaballos.org\/?p=841"},"modified":"2005-08-14T00:40:35","modified_gmt":"2005-08-13T22:40:35","slug":"vi-concentracion-amigos-del-2cv-de-la-rioja-2-3-y-4-de-septiembre","status":"publish","type":"post","link":"https:\/\/www.doscaballos.org\/index.php\/2005\/08\/14\/vi-concentracion-amigos-del-2cv-de-la-rioja-2-3-y-4-de-septiembre\/","title":{"rendered":"VI CONCENTRACI\u00d3N AMIGOS DEL 2CV DE LA RIOJA 2, 3 Y 4 DE SEPTIEMBRE"},"content":{"rendered":"<p>La esperada concentraci\u00f3n de la Rioja, ser\u00e1 el primer fin de semana de Septiembre. Ya tenemos el programa. Seguro que nos sorprender\u00e1n, como siempre.<\/p>\n<p>  <!--more-->  <\/p>\n<p>PROGRAMA<\/p>\n<p><b><i>VIERNES 2 <\/i><\/b><\/p>\n<p><b>20:00 <\/b> Recepci\u00f3n de los asistentes en el Albergue de la Real Fabrica de Ezcaray.<\/p>\n<p><b>22:00 <\/b> Cena en el Albergue .<\/p>\n<p><b><i>\u00a0 <\/i><\/b><b><i>SABADO 3 <\/i><\/b><\/p>\n<p><b>9:00 <\/b> Desayuno en el Albergue de la Real Fabrica.<\/p>\n<p><b>10:30 <\/b> Salida hacia el valle de Oc\u00f3n.<\/p>\n<p>\u2022\u00a0 Visita al Molino harinero.<\/p>\n<p>\u2022\u00a0 Visita a la Sierra de la Hez: \u00abParque E\u00f3lico\u00bb.<\/p>\n<p><b>14:00 <\/b> Vino Espa\u00f1ol en Pipaona de Oc\u00f3n, nos sumaremos a las \u00abfiestas de la virgen de la soledad\u00bb.<\/p>\n<p><b>15:00 <\/b> Comida en Pipaona de Oc\u00f3n.<\/p>\n<p>\u2022\u00a0 Sobremesa en la alameda de Pipaona de Oc\u00f3n.<\/p>\n<p>\u2022\u00a0 <i>Opcional: <\/i> Visita a \u00abLa Rioja tierra abierta\u00bb en Najera, confirmar asistencia.<\/p>\n<p>\u2022\u00a0 Regreso a Ezcaray.<\/p>\n<p><b>22:00 <\/b> Cena en el Albergue .<\/p>\n<p><b><i>\u00a0 <\/i><\/b><\/p>\n<p><b><i>DOMINGO 4 <\/i><\/b><\/p>\n<p><b>10:00 <\/b> Desayuno en el Albergue de la Real Fabrica.<\/p>\n<p><b>11:00 <\/b>Visita a Gra\u00f1\u00f3n:<\/p>\n<p>\u2022\u00a0 Ermita de Carrasquedo.<\/p>\n<p>\u2022\u00a0 Ermita de Los Jud\u00edos.<\/p>\n<p>\u2022\u00a0 Iglesia<\/p>\n<p><b>14:00 <\/b> Comida en el Albergue de la Real Fabrica.<\/p>\n<p><b>\u00a0 <\/b><\/p>\n<p><b>PRECIO: <\/b><\/p>\n<p>Por confirmar.<\/p>\n<p><b>\u00a0 <\/b><\/p>\n<p><b>ALOJAMIENTO: <\/b><\/p>\n<p>Como todos los a\u00f1os tenemos reservado el <b>Albergue de la Real F\u00e1brica, <\/b> son habitaciones de cuatro plazas, no es necesario traer sacos.<\/p>\n<p><b>TELEFONOS DE CONTACTO <\/b><\/p>\n<p>TALLER PARAISO (Jos\u00e9 Luis) 941-340167<\/p>\n<p>Pablo M\u00f3vil: 620463243<\/p>\n<p>y por si quer\u00e9is contactar con nosotros escribirnos a:<\/p>\n<p><b><a href=\"mailto:larioja2cv@hotmail.com%20\">larioja2cv@hotmail.com <\/a><\/b><\/p>\n","protected":false},"excerpt":{"rendered":"<p>La esperada concentraci\u00f3n de la Rioja, ser\u00e1 el primer fin de semana de Septiembre. Ya tenemos el programa. Seguro que nos sorprender\u00e1n, como siempre.<\/p>\n","protected":false},"author":1,"featured_media":0,"comment_status":"open","ping_status":"open","sticky":false,"template":"","format":"standard","meta":{"footnotes":""},"categories":[5],"tags":[],"class_list":["post-841","post","type-post","status-publish","format-standard","hentry","category-concentraciones-2cv"],"_links":{"self":[{"href":"https:\/\/www.doscaballos.org\/index.php\/wp-json\/wp\/v2\/posts\/841","targetHints":{"allow":["GET"]}}],"collection":[{"href":"https:\/\/www.doscaballos.org\/index.php\/wp-json\/wp\/v2\/posts"}],"about":[{"href":"https:\/\/www.doscaballos.org\/index.php\/wp-json\/wp\/v2\/types\/post"}],"author":[{"embeddable":true,"href":"https:\/\/www.doscaballos.org\/index.php\/wp-json\/wp\/v2\/users\/1"}],"replies":[{"embeddable":true,"href":"https:\/\/www.doscaballos.org\/index.php\/wp-json\/wp\/v2\/comments?post=841"}],"version-history":[{"count":0,"href":"https:\/\/www.doscaballos.org\/index.php\/wp-json\/wp\/v2\/posts\/841\/revisions"}],"wp:attachment":[{"href":"https:\/\/www.doscaballos.org\/index.php\/wp-json\/wp\/v2\/media?parent=841"}],"wp:term":[{"taxonomy":"category","embeddable":true,"href":"https:\/\/www.doscaballos.org\/index.php\/wp-json\/wp\/v2\/categories?post=841"},{"taxonomy":"post_tag","embeddable":true,"href":"https:\/\/www.doscaballos.org\/index.php\/wp-json\/wp\/v2\/tags?post=841"}],"curies":[{"name":"wp","href":"https:\/\/api.w.org\/{rel}","templated":true}]}}