{"id":886,"date":"2005-10-18T18:01:43","date_gmt":"2005-10-18T16:01:43","guid":{"rendered":"http:\/\/www.doscaballos.org\/?p=886"},"modified":"2005-10-18T18:01:43","modified_gmt":"2005-10-18T16:01:43","slug":"las-reuniones-mensuales-del-club-2cv-donosti-bi-zaldi-octubre","status":"publish","type":"post","link":"https:\/\/www.doscaballos.org\/index.php\/2005\/10\/18\/las-reuniones-mensuales-del-club-2cv-donosti-bi-zaldi-octubre\/","title":{"rendered":"Las reuniones mensuales del Club 2CV Donosti Bi Zaldi. Octubre"},"content":{"rendered":"<p>Por gentileza del Club se publica informaci\u00f3n de su \u00faltima reuni\u00f3n celebrada en el mes de octubre.<\/p>\n<p>  <!--more-->  <\/p>\n<p><img loading=\"lazy\" decoding=\"async\" class=\" size-full wp-image-885\" src=\"https:\/\/www.doscaballos.org\/wp-content\/uploads\/2005\/10\/.._modules_My_eGallery_gallery_binarios_donosti_logo_donosti.jpg\" alt=\"\" width=\"155\" height=\"152\" srcset=\"https:\/\/www.doscaballos.org\/wp-content\/uploads\/2005\/10\/.._modules_My_eGallery_gallery_binarios_donosti_logo_donosti.jpg 155w, https:\/\/www.doscaballos.org\/wp-content\/uploads\/2005\/10\/.._modules_My_eGallery_gallery_binarios_donosti_logo_donosti-36x36.jpg 36w, https:\/\/www.doscaballos.org\/wp-content\/uploads\/2005\/10\/.._modules_My_eGallery_gallery_binarios_donosti_logo_donosti-150x147.jpg 150w\" sizes=\"auto, (max-width: 155px) 100vw, 155px\" \/><\/p>\n<p>Asuntos tratados:<\/p>\n<p>En esta ocasi\u00f3n se reunieron el pasado d\u00eda 7 de octubre de 2005, y perfectamente atendidos por el anfitri\u00f3n en el bar Irrintzi de Pedro Vizca\u00edno<\/p>\n<p> Asuntos tratados:<\/p>\n<p>Nuestro socio Be\u00f1at Zarandona ha propuesto una salida de fin de semana completo para los d\u00edas 18, 19 y 20 de noviembre, en la zona de Durango. Desde aqu\u00ed le agradecemos su dedicaci\u00f3n y os animamos a que particip\u00e9is. Todos los detalles m\u00e1s abajo.<\/p>\n<p> Agradecemos al Club 2cv Bilbao el bolet\u00edn-resumen fotogr\u00e1fico que nos han hecho llegar, con el que recordaremos la pasada concentraci\u00f3n en Sopelana.<\/p>\n<p> Pr\u00f3ximas citas y eventos: <br \/>-La cita de San Miguel de Bernuy, organizada por el club de Madrid, ha sido este pasado fin de semana sin que pudi\u00e9ramos avisaros antes. Lo sentimos mucho, pero a veces sucede.<\/p>\n<p> -14 al 16 de octubre, en Valencia, Feria del Veh\u00edculo Hist\u00f3rico MOTOREPOCA. <\/p>\n<p>-22 y 23 de Octubre en Beasain organizado por el Gohierri Motorclub feria exposici\u00f3n y venta de coches singulares y normales, recambios y piezas, fotograf\u00edas&#8230; <\/p>\n<p>-22 y 23 de Octubre, feria mercadillo en Tarbes (Francia). Plaza del mercado (Marcadieu). <\/p>\n<p>-17 de diciembre comida alubiada anual del club en Arantza. Ya conoc\u00e9is el sitio. Nos reuniremos en Donostia antes de ir a comer y celebraremos el aniversario. Os daremos m\u00e1s detalles en la pr\u00f3xima carta.<\/p>\n<p> Compraventas : <br \/>-Dyane 6. ITV pasada y carrocer\u00eda bien. Necesita motor. Tel. 656-777091 Beatriz. <br \/>-Dyane 6. Tel 615-764573 Israel.<\/p>\n<p> La pr\u00f3xima reuni\u00f3n del club ser\u00e1 el d\u00eda 11 de noviembre, viernes, a las 20 horas<br \/> .<\/p>\n<p> DONOSTI BI ZALDI<\/p>\n<hr \/>\n<p>CLUB DE AMIGOS DEL 2CV DONOSTI BI ZALDI <br \/> Fundaci\u00f3n: 17-12-94. <br \/> Sede Social: Foruen Pasealekua, 4 20005 DONOSTIA.Gipuzkoa<br \/> E-mail: donostibizaldi@yahoo.es<\/p>\n<p>\u00a0<\/p>\n","protected":false},"excerpt":{"rendered":"<p>Por gentileza del Club se publica informaci\u00f3n de su \u00faltima reuni\u00f3n celebrada en el mes de octubre.<\/p>\n","protected":false},"author":1,"featured_media":885,"comment_status":"open","ping_status":"open","sticky":false,"template":"","format":"standard","meta":{"footnotes":""},"categories":[5],"tags":[],"class_list":["post-886","post","type-post","status-publish","format-standard","has-post-thumbnail","hentry","category-concentraciones-2cv"],"_links":{"self":[{"href":"https:\/\/www.doscaballos.org\/index.php\/wp-json\/wp\/v2\/posts\/886","targetHints":{"allow":["GET"]}}],"collection":[{"href":"https:\/\/www.doscaballos.org\/index.php\/wp-json\/wp\/v2\/posts"}],"about":[{"href":"https:\/\/www.doscaballos.org\/index.php\/wp-json\/wp\/v2\/types\/post"}],"author":[{"embeddable":true,"href":"https:\/\/www.doscaballos.org\/index.php\/wp-json\/wp\/v2\/users\/1"}],"replies":[{"embeddable":true,"href":"https:\/\/www.doscaballos.org\/index.php\/wp-json\/wp\/v2\/comments?post=886"}],"version-history":[{"count":0,"href":"https:\/\/www.doscaballos.org\/index.php\/wp-json\/wp\/v2\/posts\/886\/revisions"}],"wp:featuredmedia":[{"embeddable":true,"href":"https:\/\/www.doscaballos.org\/index.php\/wp-json\/wp\/v2\/media\/885"}],"wp:attachment":[{"href":"https:\/\/www.doscaballos.org\/index.php\/wp-json\/wp\/v2\/media?parent=886"}],"wp:term":[{"taxonomy":"category","embeddable":true,"href":"https:\/\/www.doscaballos.org\/index.php\/wp-json\/wp\/v2\/categories?post=886"},{"taxonomy":"post_tag","embeddable":true,"href":"https:\/\/www.doscaballos.org\/index.php\/wp-json\/wp\/v2\/tags?post=886"}],"curies":[{"name":"wp","href":"https:\/\/api.w.org\/{rel}","templated":true}]}}