{"id":8879,"date":"2015-11-12T22:14:48","date_gmt":"2015-11-12T21:14:48","guid":{"rendered":"http:\/\/www.doscaballos.org\/?p=8879"},"modified":"2016-01-10T18:06:23","modified_gmt":"2016-01-10T17:06:23","slug":"revista-2cv-magazine-no-107-francia","status":"publish","type":"post","link":"https:\/\/www.doscaballos.org\/index.php\/2015\/11\/12\/revista-2cv-magazine-no-107-francia\/","title":{"rendered":"Revista \u201c2CV Magazine\u201d n\u00ba 107. (Francia)"},"content":{"rendered":"<p><a href=\"https:\/\/www.doscaballos.org\/wp-content\/uploads\/2015\/11\/2cvmagazine_107.jpg\"><img loading=\"lazy\" decoding=\"async\" class=\"aligncenter size-full wp-image-8880\" src=\"https:\/\/www.doscaballos.org\/wp-content\/uploads\/2015\/11\/2cvmagazine_107.jpg\" alt=\"2cv magazine 107\" width=\"623\" height=\"877\" srcset=\"https:\/\/www.doscaballos.org\/wp-content\/uploads\/2015\/11\/2cvmagazine_107.jpg 623w, https:\/\/www.doscaballos.org\/wp-content\/uploads\/2015\/11\/2cvmagazine_107-213x300.jpg 213w, https:\/\/www.doscaballos.org\/wp-content\/uploads\/2015\/11\/2cvmagazine_107-600x845.jpg 600w, https:\/\/www.doscaballos.org\/wp-content\/uploads\/2015\/11\/2cvmagazine_107-150x211.jpg 150w, https:\/\/www.doscaballos.org\/wp-content\/uploads\/2015\/11\/2cvmagazine_107-355x500.jpg 355w\" sizes=\"auto, (max-width: 623px) 100vw, 623px\" \/><\/a>Reportaje\u00a0 2cv 6 special 1985 \u00ab652 cm3)<!--more--><\/p>\n<p>Au sommaire du magazine 2 CV n\u00b0107 (nov-d\u00e9c 2015)<\/p>\n<p><strong>A la une : 2 CV 6 Sp\u00e9cial 1985<\/strong><br \/>\n&gt; En installant sous le capot de sa 2 CV un moteur bicylindre 652 cm3 de Visa, Andr\u00e9 Vallot a exauc\u00e9 le voeu de nombreux possesseurs de 2 CV \u00e0 moteur 602 cm3 : disposer de plus de puissance. Que les \u201cpuristes\u201d se rassurent : il n\u2019a pas d\u00e9natur\u00e9 l\u2019esprit de sa Petite Citro\u00ebn. Bien au contraire, il lui a donn\u00e9 une m\u00e9canique qui ne procure que des avantages. Quant au style \u201cDolly\u201d, c\u2019est une autre histoire\u2026<\/p>\n<p><strong>Le sommaire complet :<\/strong><br \/>\n&#8211; Actus<br \/>\n&#8211; Agenda<br \/>\n&#8211; Essai: 2 CV 6 Sp\u00e9cial 1985<br \/>\n&#8211; Le Conservatoire Citro\u00ebn ne ferme pas !<br \/>\n&#8211; Retour sur Tor\u00f9n 2015 (21e Mondiale des Amis de la 2 CV)<br \/>\n&#8211; La nouvelle M\u00e9hari : info ou intox ?<br \/>\n&#8211; Championnat anglais des 2 CV<br \/>\n&#8211; 41 Ironman en 41 jours: une 2 CV dans le d\u00e9fi le plus dingue !<br \/>\n&#8211; Les voitures de nos lecteurs<br \/>\n&#8211; La vie des clubs<br \/>\n&#8211; Petites annonces<\/p>\n","protected":false},"excerpt":{"rendered":"<p>Reportaje\u00a0 2cv 6 special 1985 \u00ab652 cm3)<\/p>\n","protected":false},"author":1,"featured_media":0,"comment_status":"open","ping_status":"closed","sticky":false,"template":"","format":"standard","meta":{"footnotes":""},"categories":[4],"tags":[],"class_list":["post-8879","post","type-post","status-publish","format-standard","hentry","category-noticias"],"_links":{"self":[{"href":"https:\/\/www.doscaballos.org\/index.php\/wp-json\/wp\/v2\/posts\/8879","targetHints":{"allow":["GET"]}}],"collection":[{"href":"https:\/\/www.doscaballos.org\/index.php\/wp-json\/wp\/v2\/posts"}],"about":[{"href":"https:\/\/www.doscaballos.org\/index.php\/wp-json\/wp\/v2\/types\/post"}],"author":[{"embeddable":true,"href":"https:\/\/www.doscaballos.org\/index.php\/wp-json\/wp\/v2\/users\/1"}],"replies":[{"embeddable":true,"href":"https:\/\/www.doscaballos.org\/index.php\/wp-json\/wp\/v2\/comments?post=8879"}],"version-history":[{"count":3,"href":"https:\/\/www.doscaballos.org\/index.php\/wp-json\/wp\/v2\/posts\/8879\/revisions"}],"predecessor-version":[{"id":8918,"href":"https:\/\/www.doscaballos.org\/index.php\/wp-json\/wp\/v2\/posts\/8879\/revisions\/8918"}],"wp:attachment":[{"href":"https:\/\/www.doscaballos.org\/index.php\/wp-json\/wp\/v2\/media?parent=8879"}],"wp:term":[{"taxonomy":"category","embeddable":true,"href":"https:\/\/www.doscaballos.org\/index.php\/wp-json\/wp\/v2\/categories?post=8879"},{"taxonomy":"post_tag","embeddable":true,"href":"https:\/\/www.doscaballos.org\/index.php\/wp-json\/wp\/v2\/tags?post=8879"}],"curies":[{"name":"wp","href":"https:\/\/api.w.org\/{rel}","templated":true}]}}