{"id":889,"date":"2005-10-20T12:35:52","date_gmt":"2005-10-20T10:35:52","guid":{"rendered":"http:\/\/www.doscaballos.org\/?p=889"},"modified":"2005-10-20T12:35:52","modified_gmt":"2005-10-20T10:35:52","slug":"i-encuentro-2cv-amigos-de-benjamin-garcia","status":"publish","type":"post","link":"https:\/\/www.doscaballos.org\/index.php\/2005\/10\/20\/i-encuentro-2cv-amigos-de-benjamin-garcia\/","title":{"rendered":"I Encuentro 2CV, Amigos de Benjam\u00edn Garc\u00eda"},"content":{"rendered":"<p>I Encuentro 2CV en Campos del R\u00edo- Murcia- Domingo,23\/10\/05. <!--more--> Hola a todos! <br \/> El pr\u00f3ximo domingo 23 de octubre se va a celebrar el I Encuentro \u00abAmigos de Benjam\u00edn Garc\u00eda del Club 2CV del Mediterr\u00e1neo\u00bb. <br \/> Comenzaremos a las 10:00h con la bienvenida a todos los participantes e inscripciones. A las 11:00h. se proceder\u00e1 a la inauguraci\u00f3n del primer monumento al Citroen 2CV de la zona, y recordaremos a todos aquellos amantes del Dos Caballos (\u00abcabra\u00bb para nosotros) que ya no podr\u00e1n disfrutar de su encanto.<br \/> Tras la inauguraci\u00f3n se har\u00e1 una ruta por el Valle de Ricote hasta finalizar con una comida en Archena.<br \/> Os invitamos a participar de este encuentro que estamos preparando con tanta ilusi\u00f3n.<br \/> M\u00e1s informacion en www.2cvmed.org.<br \/> Salu2cv, <br \/> Pepelu<\/p>\n","protected":false},"excerpt":{"rendered":"<p>I Encuentro 2CV en Campos del R\u00edo- Murcia- Domingo,23\/10\/05.<\/p>\n","protected":false},"author":1,"featured_media":0,"comment_status":"open","ping_status":"open","sticky":false,"template":"","format":"standard","meta":{"footnotes":""},"categories":[5],"tags":[],"class_list":["post-889","post","type-post","status-publish","format-standard","hentry","category-concentraciones-2cv"],"_links":{"self":[{"href":"https:\/\/www.doscaballos.org\/index.php\/wp-json\/wp\/v2\/posts\/889","targetHints":{"allow":["GET"]}}],"collection":[{"href":"https:\/\/www.doscaballos.org\/index.php\/wp-json\/wp\/v2\/posts"}],"about":[{"href":"https:\/\/www.doscaballos.org\/index.php\/wp-json\/wp\/v2\/types\/post"}],"author":[{"embeddable":true,"href":"https:\/\/www.doscaballos.org\/index.php\/wp-json\/wp\/v2\/users\/1"}],"replies":[{"embeddable":true,"href":"https:\/\/www.doscaballos.org\/index.php\/wp-json\/wp\/v2\/comments?post=889"}],"version-history":[{"count":0,"href":"https:\/\/www.doscaballos.org\/index.php\/wp-json\/wp\/v2\/posts\/889\/revisions"}],"wp:attachment":[{"href":"https:\/\/www.doscaballos.org\/index.php\/wp-json\/wp\/v2\/media?parent=889"}],"wp:term":[{"taxonomy":"category","embeddable":true,"href":"https:\/\/www.doscaballos.org\/index.php\/wp-json\/wp\/v2\/categories?post=889"},{"taxonomy":"post_tag","embeddable":true,"href":"https:\/\/www.doscaballos.org\/index.php\/wp-json\/wp\/v2\/tags?post=889"}],"curies":[{"name":"wp","href":"https:\/\/api.w.org\/{rel}","templated":true}]}}