{"id":924,"date":"2005-11-24T12:55:10","date_gmt":"2005-11-24T10:55:10","guid":{"rendered":"http:\/\/www.doscaballos.org\/?p=924"},"modified":"2005-11-24T12:55:10","modified_gmt":"2005-11-24T10:55:10","slug":"1o-encuentro-iberico-2cv-na-rota-do-montado-25-26-y-27-de-noviembre","status":"publish","type":"post","link":"https:\/\/www.doscaballos.org\/index.php\/2005\/11\/24\/1o-encuentro-iberico-2cv-na-rota-do-montado-25-26-y-27-de-noviembre\/","title":{"rendered":"1\u00ba Encuentro Ib\u00e9rico 2CV \u201cNa Rota do Montado\u201d 25, 26 y 27 de noviembre"},"content":{"rendered":"<p>Se celebrar\u00e1 en Alentejo (zona de \u00c9vora\/Badajoz). <!--more--> <\/p>\n<p><strong><font color=\"#FF0000\" size=\"5\">PROGRAMA:<\/font><\/strong><\/p>\n<p><strong>D\u00eda 25.<\/strong><br \/>   15 horas: Abertura do Secretariado em Evora e Recep\u00e7ao.<br \/>   16 horas. Exposi\u00e7ao das viaturas na Pra\u00e7a do Geraldo<br \/>   17 horas. Visita ao Centro Hist\u00f3rico da cidade de Evora. Patrimonio Mundial.<br \/>   19 horas. Jantar.<br \/>   21:30 horas Cegada \u00e0 Feira do Montado em Portel e Inaugura\u00e7ao    do espa\u00e7o 2CV.<br \/>   Exposi\u00e7ao de viaturas.<br \/>   22:00 horas Recep\u00e7ao no Auditorio da Feira na presen\u00e7a do Sr.    Presidente da C\u00e2mara Municipal de Portel.<\/p>\n<p><strong>D\u00eda 26. s\u00e1bado.<br \/>   <\/strong>8:30 horas. Peque\u00f1o almo\u00e7o no bar do Ecomarch\u00e9.<br \/>   9:00 horas. In\u00edcio do Rally Paper.<br \/>   10:00 horas. Cegada junto ao Casi Mar\u00edtimo da Barragem de Alqueva. Cruceiro    na Barragem e visita \u00e1 Central Hidrol\u00e9ctrica.<br \/>   13:00 horas. Almo\u00e7o em Amieira.<br \/>   15:00 horas. Continua\u00e7ao do Rally Paper.<br \/>   17:00 horas. Chegada a Oriola. Visita a uma Queijaria e Salsicharia Tradicional.<br \/>   19:00 horas. Jantar.<br \/>   21:00 horas. Visita \u00e0 Feira. Feira da Ladre espect\u00e1culos Musicais.<\/p>\n<p><strong>D\u00eda 27. Domingo.<br \/>   <\/strong>10:00 Horas. 1\u00aa Torneio 2CV em Mini-Golf.<br \/>   13:00 Horas. Almo\u00e7o com a presen\u00e7a das entidades que patrocinaram    o encontro.<br \/>   14:00 horas. Distribui\u00e7ao de Premios. Sorteios.<\/p>\n<p><strong><em>Despedida<\/em><\/strong><\/p>\n<hr>\n<p>Plano:<\/p>\n<p><img decoding=\"async\" src=\"http:\/\/europa.eu.int\/abc\/maps\/images\/regions\/portugal\/alentejo.gif\"><\/p>\n<p> <\/p>\n","protected":false},"excerpt":{"rendered":"<p>Se celebrar\u00e1 en Alentejo (zona de \u00c9vora\/Badajoz).<\/p>\n","protected":false},"author":1,"featured_media":0,"comment_status":"open","ping_status":"open","sticky":false,"template":"","format":"standard","meta":{"footnotes":""},"categories":[5],"tags":[],"class_list":["post-924","post","type-post","status-publish","format-standard","hentry","category-concentraciones-2cv"],"_links":{"self":[{"href":"https:\/\/www.doscaballos.org\/index.php\/wp-json\/wp\/v2\/posts\/924","targetHints":{"allow":["GET"]}}],"collection":[{"href":"https:\/\/www.doscaballos.org\/index.php\/wp-json\/wp\/v2\/posts"}],"about":[{"href":"https:\/\/www.doscaballos.org\/index.php\/wp-json\/wp\/v2\/types\/post"}],"author":[{"embeddable":true,"href":"https:\/\/www.doscaballos.org\/index.php\/wp-json\/wp\/v2\/users\/1"}],"replies":[{"embeddable":true,"href":"https:\/\/www.doscaballos.org\/index.php\/wp-json\/wp\/v2\/comments?post=924"}],"version-history":[{"count":0,"href":"https:\/\/www.doscaballos.org\/index.php\/wp-json\/wp\/v2\/posts\/924\/revisions"}],"wp:attachment":[{"href":"https:\/\/www.doscaballos.org\/index.php\/wp-json\/wp\/v2\/media?parent=924"}],"wp:term":[{"taxonomy":"category","embeddable":true,"href":"https:\/\/www.doscaballos.org\/index.php\/wp-json\/wp\/v2\/categories?post=924"},{"taxonomy":"post_tag","embeddable":true,"href":"https:\/\/www.doscaballos.org\/index.php\/wp-json\/wp\/v2\/tags?post=924"}],"curies":[{"name":"wp","href":"https:\/\/api.w.org\/{rel}","templated":true}]}}