{"id":9638,"date":"2019-08-01T09:51:47","date_gmt":"2019-08-01T07:51:47","guid":{"rendered":"https:\/\/www.doscaballos.org\/?p=9638"},"modified":"2019-09-02T10:25:14","modified_gmt":"2019-09-02T08:25:14","slug":"mas-de-5-000-citroen-celebran-en-paris-el-centenario-de-la-marca","status":"publish","type":"post","link":"https:\/\/www.doscaballos.org\/index.php\/2019\/08\/01\/mas-de-5-000-citroen-celebran-en-paris-el-centenario-de-la-marca\/","title":{"rendered":"M\u00e1s de 5.000 Citro\u00ebn  celebran en Par\u00eds el centenario de la marca."},"content":{"rendered":"\n<h2 class=\"wp-block-heading\">Durante  tres d\u00edas 1.000 coleccionistas y 50.000 personas han celebrado el pasado, presente y futuro.<\/h2>\n\n\n\n<!--more-->\n\n\n\n<figure class=\"wp-block-image\"><img loading=\"lazy\" decoding=\"async\" width=\"1024\" height=\"409\" src=\"https:\/\/www.doscaballos.org\/wp-content\/uploads\/2019\/09\/citroen_ce-1024x409.jpg\" alt=\"\" class=\"wp-image-9640\" srcset=\"https:\/\/www.doscaballos.org\/wp-content\/uploads\/2019\/09\/citroen_ce-1024x409.jpg 1024w, https:\/\/www.doscaballos.org\/wp-content\/uploads\/2019\/09\/citroen_ce-300x120.jpg 300w, https:\/\/www.doscaballos.org\/wp-content\/uploads\/2019\/09\/citroen_ce-768x307.jpg 768w, https:\/\/www.doscaballos.org\/wp-content\/uploads\/2019\/09\/citroen_ce-150x60.jpg 150w, https:\/\/www.doscaballos.org\/wp-content\/uploads\/2019\/09\/citroen_ce-500x200.jpg 500w, https:\/\/www.doscaballos.org\/wp-content\/uploads\/2019\/09\/citroen_ce.jpg 1280w\" sizes=\"auto, (max-width: 1024px) 100vw, 1024px\" \/><\/figure>\n\n\n\n<p>El encuentro del siglo\u201d, as\u00ed se ha denominado la <strong>celebraci\u00f3n del centenario de Citro\u00ebn<\/strong>  que los fans de la marca han organizado. Este acontecimiento ha reunido  a una gran multitud de personas, con el objetivo de\u00a0rememorar la  historia de la compa\u00f1\u00eda francesa. El lugar del evento, en\u00a0la regi\u00f3n del  Valle Central Loira, ha sido elegido por su implicaci\u00f3n en la  trayectoria de Citro\u00ebn, ya que fue el espacio de pruebas donde se  desarroll\u00f3 el m\u00edtico 2CV.<\/p>\n\n\n\n<p>Adem\u00e1s, los m\u00e1s peque\u00f1os tuvieron un espacio habilitado, llamado \n\u201cL\u2019espace 100\u201d, en el que disfrutaron de m\u00faltiples actividades \ninfantiles. Entre ellas, un circuito de coches, origami y un castillo \nhinchable. Tambi\u00e9n, se pudo visitar&nbsp;\u201cLa tienda de los 100 a\u00f1os\u201d en la \nque se vend\u00edan <strong>objetos y recuerdos del centenario<\/strong>. Al igual, en este espacio se organizaron sesiones de firmas de aut\u00f3grafos de autores apasionados de la marca.<\/p>\n\n\n\n<p>Puede que te interese:<\/p>\n\n\n\n<p>Sin embargo, el acontecimiento principal ha sido la <strong>exposici\u00f3n los veh\u00edculos Citro\u00ebn<\/strong>\n que han marcado la historia. El estado de los modelos presentes en el \nevento muestra que los clubs de amigos de la marca est\u00e1n muy implicados \nen la conservaci\u00f3n, restauraci\u00f3n y la puesta en com\u00fan de su patrimonio.<\/p>\n\n\n\n<h2 class=\"wp-block-heading\">\u201cEl encuentro del siglo\u201d: una exposici\u00f3n con m\u00e1s de 5.000 Citro\u00ebn hist\u00f3ricos<\/h2>\n\n\n\n<p>Los asistentes a este evento pudieron ver de cerca modelos cl\u00e1sicos como el Tipo A, <strong>el primer Citro\u00ebn<\/strong>  y primer veh\u00edculo fabricado en serie en Europa. Otro hist\u00f3rico en  exposici\u00f3n fue el 2Cv, el sencillo utilitario que marc\u00f3 una \u00e9poca en la  marca francesa por su sencillez y practicidad. En el resto de la  exposici\u00f3n, tambi\u00e9n estuvieron presentes desde el playero Mehari, hasta llegar al modelo m\u00e1s actual, el 19 19 Concept de 2019.<\/p>\n\n\n\n<p>Tres d\u00edas de jornadas de \u00e9xito en la que se ha podido disfrutar de buenos momentos en familia y amigos. Combinando la macro<strong> exposici\u00f3n de todos los modelos de Citro\u00ebn<\/strong>\n con actividades automovil\u00edsticas. Adem\u00e1s, con la instalaci\u00f3n de \nfoodtrucks, simuladores de conducci\u00f3n, cuatro conciertos electro-pop, \nsorprendentes montajes y desmontajes en tiempo r\u00e9cord, y fuegos \nartificiales.<\/p>\n\n\n\n<p><em>Fuente: autocasion.com<\/em><\/p>\n","protected":false},"excerpt":{"rendered":"<p>Durante tres d\u00edas 1.000 coleccionistas y 50.000 personas han celebrado el pasado, presente y futuro.<\/p>\n","protected":false},"author":1,"featured_media":9639,"comment_status":"open","ping_status":"closed","sticky":false,"template":"","format":"standard","meta":{"footnotes":""},"categories":[6,4,10],"tags":[],"class_list":["post-9638","post","type-post","status-publish","format-standard","has-post-thumbnail","hentry","category-meeting-2cv","category-noticias","category-portada"],"_links":{"self":[{"href":"https:\/\/www.doscaballos.org\/index.php\/wp-json\/wp\/v2\/posts\/9638","targetHints":{"allow":["GET"]}}],"collection":[{"href":"https:\/\/www.doscaballos.org\/index.php\/wp-json\/wp\/v2\/posts"}],"about":[{"href":"https:\/\/www.doscaballos.org\/index.php\/wp-json\/wp\/v2\/types\/post"}],"author":[{"embeddable":true,"href":"https:\/\/www.doscaballos.org\/index.php\/wp-json\/wp\/v2\/users\/1"}],"replies":[{"embeddable":true,"href":"https:\/\/www.doscaballos.org\/index.php\/wp-json\/wp\/v2\/comments?post=9638"}],"version-history":[{"count":1,"href":"https:\/\/www.doscaballos.org\/index.php\/wp-json\/wp\/v2\/posts\/9638\/revisions"}],"predecessor-version":[{"id":9641,"href":"https:\/\/www.doscaballos.org\/index.php\/wp-json\/wp\/v2\/posts\/9638\/revisions\/9641"}],"wp:featuredmedia":[{"embeddable":true,"href":"https:\/\/www.doscaballos.org\/index.php\/wp-json\/wp\/v2\/media\/9639"}],"wp:attachment":[{"href":"https:\/\/www.doscaballos.org\/index.php\/wp-json\/wp\/v2\/media?parent=9638"}],"wp:term":[{"taxonomy":"category","embeddable":true,"href":"https:\/\/www.doscaballos.org\/index.php\/wp-json\/wp\/v2\/categories?post=9638"},{"taxonomy":"post_tag","embeddable":true,"href":"https:\/\/www.doscaballos.org\/index.php\/wp-json\/wp\/v2\/tags?post=9638"}],"curies":[{"name":"wp","href":"https:\/\/api.w.org\/{rel}","templated":true}]}}