{"id":9850,"date":"2024-10-21T22:04:23","date_gmt":"2024-10-21T20:04:23","guid":{"rendered":"https:\/\/www.doscaballos.org\/?p=9850"},"modified":"2024-12-06T00:46:01","modified_gmt":"2024-12-05T23:46:01","slug":"revista-2cv-magazine-no-159-francia","status":"publish","type":"post","link":"https:\/\/www.doscaballos.org\/index.php\/2024\/10\/21\/revista-2cv-magazine-no-159-francia\/","title":{"rendered":"Revista \u201c2CV Magazine\u201d n\u00ba 159. (Francia)"},"content":{"rendered":"\n<p>Septiembre-octubre 2024- D\u00c9COUVREZ 2 CV MAGAZINE N\u00b0159 <\/p>\n\n\n\n<p>La Une de ce nouveau num\u00e9ro est consacr\u00e9e \u00e0 la Dyane du Monte-Carlo Historique. Nous vous relatons son histoire compl\u00e8te (qui ne manque pas d&#8217;int\u00e9r\u00eat !) apr\u00e8s avoir interview\u00e9 Georges, son propri\u00e9taire.<\/p>\n\n\n\n<p><strong>Dans ce N\u00b0159 vous retrouverez aussi :<\/strong><\/p>\n\n\n\n<p><img loading=\"lazy\" decoding=\"async\" height=\"16\" width=\"16\" alt=\"\u25aa\" src=\"https:\/\/static.xx.fbcdn.net\/images\/emoji.php\/v9\/t4c\/1\/16\/25aa.png\"> La <a><\/a>2 CV AZAM 1963 appartenant \u00e0 Serge, dans un coloris Bleu Monte-Carlo peu fr\u00e9quent.<\/p>\n\n\n\n<p><img loading=\"lazy\" decoding=\"async\" height=\"16\" width=\"16\" alt=\"\u25aa\" src=\"https:\/\/static.xx.fbcdn.net\/images\/emoji.php\/v9\/t4c\/1\/16\/25aa.png\"> La 2 CV 4 de 1974 de Jean-Louis, une voiture qui appartenait \u00e0 son p\u00e8re et qu&#8217;il a pris plaisir \u00e0 restaurer.<\/p>\n\n\n\n<p><img loading=\"lazy\" decoding=\"async\" height=\"16\" width=\"16\" alt=\"\u25aa\" src=\"https:\/\/static.xx.fbcdn.net\/images\/emoji.php\/v9\/t4c\/1\/16\/25aa.png\"> L&#8217;anniversaire des 70 ans de la 2 CV AZ (et AZU), \u00e0 travers des photos d&#8217;\u00e9poque et le portrait de deux propri\u00e9taires actuels qui roulent en 2 CV AZ.<\/p>\n\n\n\n<p><img loading=\"lazy\" decoding=\"async\" height=\"16\" width=\"16\" alt=\"\u25aa\" src=\"https:\/\/static.xx.fbcdn.net\/images\/emoji.php\/v9\/t4c\/1\/16\/25aa.png\"> Les \u00e9tapes de cr\u00e9ation d&#8217;une remorque bagag\u00e8re pour M\u00e9hari.<\/p>\n\n\n\n<p><img loading=\"lazy\" decoding=\"async\" height=\"16\" width=\"16\" alt=\"\u25aa\" src=\"https:\/\/static.xx.fbcdn.net\/images\/emoji.php\/v9\/t4c\/1\/16\/25aa.png\"> FrenchCarsToys, la passion des miniatures par F\u00e9licien.<\/p>\n\n\n\n<p><img loading=\"lazy\" decoding=\"async\" height=\"16\" width=\"16\" alt=\"\u25aa\" src=\"https:\/\/static.xx.fbcdn.net\/images\/emoji.php\/v9\/t4c\/1\/16\/25aa.png\"> La rubrique Accessoires d&#8217;\u00e9poque.<\/p>\n\n\n\n<p><img loading=\"lazy\" decoding=\"async\" height=\"16\" width=\"16\" alt=\"\u25aa\" src=\"https:\/\/static.xx.fbcdn.net\/images\/emoji.php\/v9\/t4c\/1\/16\/25aa.png\"> Les tutos techniques de R\u00e9nov&#8217;2 CV : changer un axe de pivot.<\/p>\n\n\n\n<p><img loading=\"lazy\" decoding=\"async\" height=\"16\" width=\"16\" alt=\"\u25aa\" src=\"https:\/\/static.xx.fbcdn.net\/images\/emoji.php\/v9\/t4c\/1\/16\/25aa.png\"> 220 Petites annonces exclusives et r\u00e9centes.<\/p>\n\n\n\n<p><\/p>\n\n\n\n<p>06 Agenda<br>07 Les anciens num\u00e9ros<br>08 Le document<br>16 RESTAURATION : 2 CV 4 de 1974<br>22 ANNIVERSAIRE : Les 70 ans de la 2 CV AZ (et AZU)<br>30 MA PETITE CITROEN : 2 CV AZAM 1963<br>40 A LA UNE : La Dyane 1976 du Monte-Carlo Historique<br>50 RESTAURATION \/ MODIFICATION : Remorque bagag\u00e8re pour M\u00e9hari<br>56 MINIATURES : FrenchCarsToys, la passion des autos fran\u00e7aises<br>60 ACCESOIRES D&#8217;EPOQUE<br>64 TUTOS TECHNIQUES RENOV&#8217;2 CV : comment changer un axe de pivot ?<br>68 PETITES ANNONCES<\/p>\n","protected":false},"excerpt":{"rendered":"<p>Septiembre-octubre 2024- D\u00c9COUVREZ 2 CV MAGAZINE N\u00b0159 La Une de ce nouveau num\u00e9ro est consacr\u00e9e \u00e0 la Dyane du Monte-Carlo Historique. Nous vous relatons son histoire compl\u00e8te (qui ne manque pas d&#8217;int\u00e9r\u00eat !) apr\u00e8s avoir interview\u00e9 Georges, son propri\u00e9taire. Dans ce N\u00b0159 vous retrouverez aussi : La 2 CV AZAM 1963 appartenant \u00e0 Serge, dans [&hellip;]<\/p>\n","protected":false},"author":1,"featured_media":9851,"comment_status":"closed","ping_status":"closed","sticky":false,"template":"","format":"standard","meta":{"footnotes":""},"categories":[1],"tags":[],"class_list":["post-9850","post","type-post","status-publish","format-standard","has-post-thumbnail","hentry","category-destacados"],"_links":{"self":[{"href":"https:\/\/www.doscaballos.org\/index.php\/wp-json\/wp\/v2\/posts\/9850","targetHints":{"allow":["GET"]}}],"collection":[{"href":"https:\/\/www.doscaballos.org\/index.php\/wp-json\/wp\/v2\/posts"}],"about":[{"href":"https:\/\/www.doscaballos.org\/index.php\/wp-json\/wp\/v2\/types\/post"}],"author":[{"embeddable":true,"href":"https:\/\/www.doscaballos.org\/index.php\/wp-json\/wp\/v2\/users\/1"}],"replies":[{"embeddable":true,"href":"https:\/\/www.doscaballos.org\/index.php\/wp-json\/wp\/v2\/comments?post=9850"}],"version-history":[{"count":2,"href":"https:\/\/www.doscaballos.org\/index.php\/wp-json\/wp\/v2\/posts\/9850\/revisions"}],"predecessor-version":[{"id":9854,"href":"https:\/\/www.doscaballos.org\/index.php\/wp-json\/wp\/v2\/posts\/9850\/revisions\/9854"}],"wp:featuredmedia":[{"embeddable":true,"href":"https:\/\/www.doscaballos.org\/index.php\/wp-json\/wp\/v2\/media\/9851"}],"wp:attachment":[{"href":"https:\/\/www.doscaballos.org\/index.php\/wp-json\/wp\/v2\/media?parent=9850"}],"wp:term":[{"taxonomy":"category","embeddable":true,"href":"https:\/\/www.doscaballos.org\/index.php\/wp-json\/wp\/v2\/categories?post=9850"},{"taxonomy":"post_tag","embeddable":true,"href":"https:\/\/www.doscaballos.org\/index.php\/wp-json\/wp\/v2\/tags?post=9850"}],"curies":[{"name":"wp","href":"https:\/\/api.w.org\/{rel}","templated":true}]}}